{"id":60699,"date":"2019-09-12T18:15:12","date_gmt":"2019-09-12T18:15:12","guid":{"rendered":"https:\/\/colimdo.org\/?p=60699"},"modified":"2019-09-12T18:15:19","modified_gmt":"2019-09-12T18:15:19","slug":"cuba-despide-al-director-nacional-beisbol-yosvani-aragon","status":"publish","type":"post","link":"https:\/\/colimdo.org\/noticias\/cuba-despide-al-director-nacional-beisbol-yosvani-aragon\/","title":{"rendered":"Cuba despide al director nacional de b\u00e9isbol Yosvani Arag\u00f3n"},"content":{"rendered":"<p><strong>La Habana. EFE<\/strong>. El Instituto Nacional de Deportes (Inder) de Cuba despidi\u00f3 &#8220;por renovaci\u00f3n&#8221; al director nacional de b\u00e9isbol, el exlanzador Yosvani Arag\u00f3n, quien ocup\u00f3 esa responsabilidad desde enero del 2017, informaron el mi\u00e9rcoles medios estatales de la isla.<\/p>\n<p>Como nuevo directivo del deporte insignia en Cuba fue designado Ernesto Reynoso, licenciado en Cultura F\u00edsica y Deportes, y &#8220;con amplia experiencia en labores docentes y de direcci\u00f3n&#8221;, seg\u00fan indica el comunicado del Instituto de Deportes.<\/p>\n<p>Asimismo detalla que Reynoso ocup\u00f3 durante seis a\u00f1os el cargo de primer secretario del Partido Comunista de Cuba (PCC, \u00fanico legal) en el municipio especial Isla de la Juventud, del que fue liberado en junio pasado &#8220;con reconocimientos por el impulso dado a asuntos de car\u00e1cter econ\u00f3mico, pol\u00edtico y social&#8221;.<\/p>\n<p>El Inder tambi\u00e9n destac\u00f3 que desde esa y otras funciones anteriores, el directivo prest\u00f3 siempre &#8220;especial atenci\u00f3n al desarrollo&#8221; del deporte nacional.<\/p>\n<p>El cambio en el mando del b\u00e9isbol cubano tiene lugar en un momento en el que las actuaciones de ese deporte han desmejorado tanto en eventos internacionales como en la Serie Nacional considerado el mayor espect\u00e1culo deportivo de la isla que para muchos ha perdido el brillo y el atractivo que manten\u00eda entusiasmados a miles de aficionados.<\/p>\n<p>Reynoso asumir\u00e1 la direcci\u00f3n de b\u00e9isbol con el gran reto de recuperar un deporte con una historia de \u00e9xitos que ha ca\u00eddo en picada -sobre todo en el \u00faltimo decenio- provocando el desencanto de sus seguidores y el \u00e9xodo de j\u00f3venes peloteros, al menos cinco en entre junio y julio \u00faltimos, con el objetivo de insertarse en las Grandes Ligas de EE.UU.<\/p>\n<p>Las autoridades cubanas del b\u00e9isbol han culpado de las deserciones de los \u00faltimos meses a la decisi\u00f3n del Gobierno de Estados Unidos de cancelar el acuerdo al que hab\u00edan llegado la Federaci\u00f3n de la isla y las Grandes Ligas en diciembre del 2018.<\/p>\n","protected":false},"excerpt":{"rendered":"<p>El cambio en el mando del b\u00e9isbol cubano tiene lugar en un momento en el que las actuaciones de ese deporte han desmejorado a nivel internacional.<\/p>\n","protected":false},"author":13,"featured_media":60700,"comment_status":"closed","ping_status":"closed","sticky":false,"template":"","format":"standard","meta":[],"categories":[2,60],"tags":[],"acf":[],"_links":{"self":[{"href":"https:\/\/colimdo.org\/wp-api\/wp\/v2\/posts\/60699"}],"collection":[{"href":"https:\/\/colimdo.org\/wp-api\/wp\/v2\/posts"}],"about":[{"href":"https:\/\/colimdo.org\/wp-api\/wp\/v2\/types\/post"}],"author":[{"embeddable":true,"href":"https:\/\/colimdo.org\/wp-api\/wp\/v2\/users\/13"}],"replies":[{"embeddable":true,"href":"https:\/\/colimdo.org\/wp-api\/wp\/v2\/comments?post=60699"}],"version-history":[{"count":1,"href":"https:\/\/colimdo.org\/wp-api\/wp\/v2\/posts\/60699\/revisions"}],"predecessor-version":[{"id":60701,"href":"https:\/\/colimdo.org\/wp-api\/wp\/v2\/posts\/60699\/revisions\/60701"}],"wp:featuredmedia":[{"embeddable":true,"href":"https:\/\/colimdo.org\/wp-api\/wp\/v2\/media\/60700"}],"wp:attachment":[{"href":"https:\/\/colimdo.org\/wp-api\/wp\/v2\/media?parent=60699"}],"wp:term":[{"taxonomy":"category","embeddable":true,"href":"https:\/\/colimdo.org\/wp-api\/wp\/v2\/categories?post=60699"},{"taxonomy":"post_tag","embeddable":true,"href":"https:\/\/colimdo.org\/wp-api\/wp\/v2\/tags?post=60699"}],"curies":[{"name":"wp","href":"https:\/\/api.w.org\/{rel}","templated":true}]}}