{"id":60708,"date":"2019-09-12T21:42:00","date_gmt":"2019-09-12T21:42:00","guid":{"rendered":"https:\/\/colimdo.org\/?p=60708"},"modified":"2019-09-12T21:42:11","modified_gmt":"2019-09-12T21:42:11","slug":"lanzadores-carter-martinez-reforzaran-los-toros-del-este","status":"publish","type":"post","link":"https:\/\/colimdo.org\/noticias\/lanzadores-carter-martinez-reforzaran-los-toros-del-este\/","title":{"rendered":"Lanzadores Carter y Mart\u00ednez reforzar\u00e1n a los Toros del Este"},"content":{"rendered":"<p>Los lanzadores Anthony Carter y Jorge Mart\u00ednez son las nuevas contrataciones de los Toros del Este para la pr\u00f3xima temporada, inform\u00f3 su gerente general Raymond Abreu.<\/p>\n<p>Carter, relevista derecho, viene de una estupenda temporada donde tuvo r\u00e9cord de 12-5, 3.38 en una liga mexicana donde domin\u00f3 la ofensiva.\u00a0 Carter salv\u00f3 14 partidos y ponch\u00f3 58 en 61.1 innings, permitiendo 57 hits para los Rieleros de Aguascalientes.\u00a0 El norteamericano de 33 a\u00f1os tiene experiencia tambi\u00e9n en la liga invernal de Puerto Rico y en Jap\u00f3n.<\/p>\n<p>De su lado, Mart\u00ednez es un veterano lanzador cubano con vasta experiencia en ligas invernales.\u00a0 Este verano lanz\u00f3 para los Generales de Durango en M\u00e9xico, donde ponch\u00f3 95 y apenas dio 28 boletos en 117 episodios.<\/p>\n<p>Mart\u00ednez jug\u00f3 con los Tigres del Licey, terminando con r\u00e9cord de 2-2, 4.18 en 23.2 innings.\u00a0 El derecho tambi\u00e9n ha lanzado en las ligas de Puerto Rico y Venezuela.\u00a0 En el invierno pasado tuvo marca de 5-3 y tuvo la segunda mejor efecividad de la liga con 2.26 y fue electo Lanzador del A\u00f1o.<br \/>\n\u201cEstamos muy contentos con estas contrataciones, entendemos que son brazos que nos pueden ayudar a ganar y vienen sin restricciones, por lo que podr\u00e1n lanzar toda la temporada,\u201d indic\u00f3 el gerente taurino.<\/p>\n<p>\u201cMart\u00ednez ya conoce la liga y estar\u00e1 en la rotaci\u00f3n abridora junto a Toussaint, Hern\u00e1ndez y Ra\u00fal Vald\u00e9s,\u201d dijo Raymond Abreu.\u00a0 \u201cCarter ser\u00e1 un buen brazo para los innings finales, es un veterano acostumbrado a momentos de presi\u00f3n,\u201d agreg\u00f3 el ejecutivo de los Toros.<\/p>\n<p>Estas contrataciones se suman a las previamente anunciadas del inicialista y jardinero Peter O\u2019Brien y de los lanzadores Touki Toussaint, Carlos Hern\u00e1ndez y Tim Peterson.<\/p>\n<p>Los entrenamientos taurinos est\u00e1n pautados para iniciar el pr\u00f3ximo 23 de septiembre y todos los jugadores est\u00e1n convocados, incluyendo los seleccionados en el Draft de Novatos LIDOM de este pasado mi\u00e9rcoles.<\/p>\n<p>Los Toros iniciar\u00e1n la temporada visitando el D\u00eda Inaugural a las Estrellas Orientales y tendr\u00e1n sus primeros partidos en el Corral el domingo 13 y el lunes 14 de octubre, cuando reciban al Licey y a las \u00c1guilas, respectivamente.<\/p>\n","protected":false},"excerpt":{"rendered":"<p>El gerente de los Toros, Raymond Abreu, manifest\u00f3 que los dos pitchers tienen las condiciones para contribuir al equipo en el venidero torneo.<\/p>\n","protected":false},"author":13,"featured_media":60709,"comment_status":"closed","ping_status":"closed","sticky":false,"template":"","format":"standard","meta":[],"categories":[2,60],"tags":[],"acf":[],"_links":{"self":[{"href":"https:\/\/colimdo.org\/wp-api\/wp\/v2\/posts\/60708"}],"collection":[{"href":"https:\/\/colimdo.org\/wp-api\/wp\/v2\/posts"}],"about":[{"href":"https:\/\/colimdo.org\/wp-api\/wp\/v2\/types\/post"}],"author":[{"embeddable":true,"href":"https:\/\/colimdo.org\/wp-api\/wp\/v2\/users\/13"}],"replies":[{"embeddable":true,"href":"https:\/\/colimdo.org\/wp-api\/wp\/v2\/comments?post=60708"}],"version-history":[{"count":1,"href":"https:\/\/colimdo.org\/wp-api\/wp\/v2\/posts\/60708\/revisions"}],"predecessor-version":[{"id":60710,"href":"https:\/\/colimdo.org\/wp-api\/wp\/v2\/posts\/60708\/revisions\/60710"}],"wp:featuredmedia":[{"embeddable":true,"href":"https:\/\/colimdo.org\/wp-api\/wp\/v2\/media\/60709"}],"wp:attachment":[{"href":"https:\/\/colimdo.org\/wp-api\/wp\/v2\/media?parent=60708"}],"wp:term":[{"taxonomy":"category","embeddable":true,"href":"https:\/\/colimdo.org\/wp-api\/wp\/v2\/categories?post=60708"},{"taxonomy":"post_tag","embeddable":true,"href":"https:\/\/colimdo.org\/wp-api\/wp\/v2\/tags?post=60708"}],"curies":[{"name":"wp","href":"https:\/\/api.w.org\/{rel}","templated":true}]}}