{"id":60723,"date":"2019-09-13T00:50:39","date_gmt":"2019-09-13T00:50:39","guid":{"rendered":"https:\/\/colimdo.org\/?p=60723"},"modified":"2019-09-13T00:50:39","modified_gmt":"2019-09-13T00:50:39","slug":"republica-dominicana-jugara-copa-davis-uruguay-fin-semana","status":"publish","type":"post","link":"https:\/\/colimdo.org\/noticias\/republica-dominicana-jugara-copa-davis-uruguay-fin-semana\/","title":{"rendered":"Rep\u00fablica Dominicana jugar\u00e1 Copa Davis contra Uruguay el fin de semana"},"content":{"rendered":"<p>EL NUEVO DIARIO, SANTO DOMINGO.- Bajo un nuevo formato de Copa Davis, Rep\u00fablica Dominicana enfrentar\u00e1 como visitante este fin de semana a Uruguay en la serie de Am\u00e9rica I, cuyo ganador avanzar\u00e1 a la clasificaci\u00f3n de las finales que se jugar\u00e1 el a\u00f1o pr\u00f3ximo.<\/p>\n<p>Para este desaf\u00edo, los criollos cuentan con Jos\u00e9 (Bebo) Hern\u00e1ndez como el principal jugador, ranqueado 261 del mundo, Roberto Cid (281), Nick Hardt (528), Jos\u00e9 Olivares (647) y V\u00edctor Estrella (850), bajo el mandato del capit\u00e1n Rafael Moreno.<\/p>\n<p>La serie al mejor de cinco partidos se desarrollar\u00e1 en las canchas de polvo de ladrillo del Carrasco Lawn Tennis Club de la capital uruguaya el s\u00e1bado 14 y el domingo 15 de septiembre.<\/p>\n<p>Los locales, ubicados en el puesto 43 del ranking de naciones, cuentan con Pablo Cuevas (44), Mart\u00edn Cuevas (400), Franco Roncadelli (1785), Francisco Llanes y Emiliano Troche, estos dos \u00faltimos sin ranking. El capit\u00e1n de los due\u00f1os de casa es Enrique P\u00e9rez-Cassarino<\/p>\n<p>Este ser\u00e1 el s\u00e9ptimo enfrentamiento entre charr\u00faas y quisqueyanos, que hist\u00f3ricamente empatan a tres victorias por lado. La \u00faltima vez que estos pa\u00edses se encontraron fue en 2014 en el Parque del Este, de Santo Domingo, con el triunfo para los dominicanos.<\/p>\n<p>El sorteo de los emparejamientos ser\u00e1 realizado este viernes, pero la acci\u00f3n iniciar\u00e1 el s\u00e1bado a las 11:00 de la ma\u00f1ana hora local, d\u00eda en que se jugar\u00e1n dos partidos de sencillos. El domingo, la jornada iniciar\u00e1 a las 10:00 de la ma\u00f1ana con el dobles, seguido de otros dos encuentros individuales.<\/p>\n<p>Para los criollos, que ocupan el lugar 35 del mundo, es la primera serie de Copa Davis desde abril del a\u00f1o pasado cuando vencieron a Barbados en casa para permanecer en Am\u00e9rica I.<\/p>\n<p>A partir de 2020, los grupos I y II de Copa Davis no ser\u00e1n regionales, por lo que Rep\u00fablica Dominicana estar\u00e1 en Grupo I Mundial o Grupo II Mundial, dependiendo los resultados de esta serie.<\/p>\n","protected":false},"excerpt":{"rendered":"<p>Este ser\u00e1 el s\u00e9ptimo enfrentamiento entre charr\u00faas y quisqueyanos, que hist\u00f3ricamente empatan a tres victorias por lado. La \u00faltima vez que estos pa\u00edses se encontraron fue en 2014 en el Parque del Este, de Santo Domingo, con el triunfo para los dominicanos.<\/p>\n","protected":false},"author":19,"featured_media":60724,"comment_status":"closed","ping_status":"closed","sticky":false,"template":"","format":"standard","meta":[],"categories":[2,60],"tags":[],"acf":[],"_links":{"self":[{"href":"https:\/\/colimdo.org\/wp-api\/wp\/v2\/posts\/60723"}],"collection":[{"href":"https:\/\/colimdo.org\/wp-api\/wp\/v2\/posts"}],"about":[{"href":"https:\/\/colimdo.org\/wp-api\/wp\/v2\/types\/post"}],"author":[{"embeddable":true,"href":"https:\/\/colimdo.org\/wp-api\/wp\/v2\/users\/19"}],"replies":[{"embeddable":true,"href":"https:\/\/colimdo.org\/wp-api\/wp\/v2\/comments?post=60723"}],"version-history":[{"count":1,"href":"https:\/\/colimdo.org\/wp-api\/wp\/v2\/posts\/60723\/revisions"}],"predecessor-version":[{"id":60725,"href":"https:\/\/colimdo.org\/wp-api\/wp\/v2\/posts\/60723\/revisions\/60725"}],"wp:featuredmedia":[{"embeddable":true,"href":"https:\/\/colimdo.org\/wp-api\/wp\/v2\/media\/60724"}],"wp:attachment":[{"href":"https:\/\/colimdo.org\/wp-api\/wp\/v2\/media?parent=60723"}],"wp:term":[{"taxonomy":"category","embeddable":true,"href":"https:\/\/colimdo.org\/wp-api\/wp\/v2\/categories?post=60723"},{"taxonomy":"post_tag","embeddable":true,"href":"https:\/\/colimdo.org\/wp-api\/wp\/v2\/tags?post=60723"}],"curies":[{"name":"wp","href":"https:\/\/api.w.org\/{rel}","templated":true}]}}