{"id":60740,"date":"2019-09-13T15:40:51","date_gmt":"2019-09-13T15:40:51","guid":{"rendered":"https:\/\/colimdo.org\/?p=60740"},"modified":"2019-09-13T15:42:51","modified_gmt":"2019-09-13T15:42:51","slug":"isa-world-surfing-games-2019-entra-recta-final-equipos","status":"publish","type":"post","link":"https:\/\/colimdo.org\/noticias\/isa-world-surfing-games-2019-entra-recta-final-equipos\/","title":{"rendered":"El ISA World Surfing Games 2019 entra a su recta final por equipos"},"content":{"rendered":"<p><strong>Miyazaki, Jap\u00f3n<\/strong><strong>.<\/strong>\u00a0El\u00a0ISA World Surfing Games 2019 presentados por Vans\u00a0llegaron a la recta final de la competencia, preparando el escenario para coronar a los Medallistas de Oro por Equipos y de Hombres este fin de semana en Miyazaki, Jap\u00f3n.<\/p>\n<p>Dependiendo de las condiciones de las olas, la competencia podr\u00eda coronar a los Campeones el s\u00e1bado 14 de septiembre. Si las condiciones no cooperan el s\u00e1bado, el evento concluir\u00e1 el domingo 15 de septiembre.<\/p>\n<p>Ramzi Boukhiam\u00a0de Marruecos y\u00a0Billy Stairmand\u00a0de Nueva Zelanda han obtenido cupos provisionales a Tokio 2020 de clasificaci\u00f3n continental, al ser los \u00faltimos surfistas en competencia para \u00c1frica y Ocean\u00eda, respectivamente.<\/p>\n<p>Los cupos continentales para Europa y Asia todav\u00eda est\u00e1n en juego.<\/p>\n<p>Los surfistas europeos que permanecen como posibles clasificados son\u00a0Federico Morais\u00a0de Portugal,\u00a0Vicente Romero\u00a0de Espa\u00f1a,\u00a0Leon Glatzer\u00a0de Alemania y\u00a0Angelo Bonomelli\u00a0de Italia.<\/p>\n<p>Con probabilidades de que\u00a0Kanoa Igarashi\u00a0de Jap\u00f3n obtenga su cupo mediante el Tour del Campeonato Mundial de la World Surf League 2019, los surfistas elegibles restantes son\u00a0Shun Murakami\u00a0y\u00a0Hiroto Ohhara\u00a0de Jap\u00f3n junto con\u00a0Rio Waida\u00a0de Indonesia.<\/p>\n<p>Las semifinales del Evento Principal masculino est\u00e1n llenas de talento estelar e incluyen parejas de compa\u00f1eros de equipo en cada una. La semifinal 1 contar\u00e1 con el portugu\u00e9s\u00a0Federico Morais\u00a0frente a\u00a0Kelly Slater\u00a0y\u00a0Kolohe Andino\u00a0de Estados Unidos mientras que la semifinal 2 contar\u00e1 con los compa\u00f1eros brasile\u00f1os\u00a0Italo Ferreira\u00a0y\u00a0Gabriel Medina\u00a0con el marroqu\u00ed\u00a0Ramzi Boukhiam.<\/p>\n<p>Despu\u00e9s de un d\u00eda lleno de rondas eliminatorias de Repechaje, la tabla de posiciones por equipos comenz\u00f3 a ser m\u00e1s clara, con el equipo de Brasil manteni\u00e9ndose a la cabeza con Ferreira y Medina aun en el Evento Principal.<\/p>\n<p>El equipo de Estados Unidos le sigue de cerca en la posici\u00f3n de Medalla de Plata con Slater y Andino invictos en el evento.<\/p>\n<p>Y siguiendo al Equipo de Estados Unidos, est\u00e1 el equipo Campe\u00f3n Mundial defensor, Jap\u00f3n y Espa\u00f1a, que buscan sus propios puestos en el podio.<\/p>\n<p>Slater de Estados Unidos habl\u00f3 sobre su experiencia en el evento, as\u00ed como de sus pensamientos sobre los Juegos Ol\u00edmpicos despu\u00e9s de avanzar en la Ronda Principal.<\/p>\n<p>&#8220;Estar aqu\u00ed me recuerda a los viejos tiempos&#8221;, dijo Slater. &#8220;Surfe\u00e9 muchos eventos por equipo cuando era m\u00e1s joven en todo el mundo y extra\u00f1o esos d\u00edas. Esta semana ha sido divertido ver la emoci\u00f3n que todos tienen.<\/p>\n<p>&#8220;Hay un peque\u00f1o y divertido equilibrio de poder entre los&#8221; favoritos &#8220;y los muchachos de pa\u00edses de los que no sabes que el surf es una gran parte. Es agradable ver cuando alguien poco conocido gana una serie.<\/p>\n<p>&#8220;Creo que el surf tiene una cultura que a\u00fan no se ha visto en los Juegos Ol\u00edmpicos. Nuestra comunidad es un grupo de personas tan variado. Cualquier persona en cualquier parte del mundo pueden amar el surf, e incluso si no lo hacen, les encanta c\u00f3mo se ve. La exposici\u00f3n que tenemos viajando por el mundo con diferentes idiomas, culturas, y personas hace que la vida en Surfing sea tan variada. No estoy seguro de que puedas nombrar otro deporte que tenga eso.<\/p>\n<p>&#8220;A como veo a los diferentes pa\u00edses competidores, creo que el Surfing encajar\u00e1 bien en los Juegos Ol\u00edmpicos&#8221;.<\/p>\n<p>Despu\u00e9s de perder en su primera serie del Evento Principal, el dos veces Medallista de Oro Masculino,\u00a0Santiago Mu\u00f1iz\u00a0(ARG) ha luchado durante una marat\u00f3nica de series de repechaje para mantenerse vivo en la competencia.<\/p>\n<p>Jair P\u00e9rez\u00a0de Costa Rica fue el \u00faltimo surfista restante para su naci\u00f3n en la divisi\u00f3n masculina y, a pesar de mostrar un surf impresionante, qued\u00f3 eliminado del evento. Sin embargo, P\u00e9rez reflexion\u00f3 sobre lo que significa representar a su pa\u00eds y cont\u00f3 sobre su inspiradora historia.<\/p>\n","protected":false},"excerpt":{"rendered":"<p>Ramzi Boukhiam, de Marruecos, y Billy Stairmand, de Nueva Zelanda, tienen la clasificaci\u00f3n provisional continental a Tokio 2020.<\/p>\n","protected":false},"author":13,"featured_media":60741,"comment_status":"closed","ping_status":"closed","sticky":false,"template":"","format":"standard","meta":[],"categories":[2,60],"tags":[],"acf":[],"_links":{"self":[{"href":"https:\/\/colimdo.org\/wp-api\/wp\/v2\/posts\/60740"}],"collection":[{"href":"https:\/\/colimdo.org\/wp-api\/wp\/v2\/posts"}],"about":[{"href":"https:\/\/colimdo.org\/wp-api\/wp\/v2\/types\/post"}],"author":[{"embeddable":true,"href":"https:\/\/colimdo.org\/wp-api\/wp\/v2\/users\/13"}],"replies":[{"embeddable":true,"href":"https:\/\/colimdo.org\/wp-api\/wp\/v2\/comments?post=60740"}],"version-history":[{"count":1,"href":"https:\/\/colimdo.org\/wp-api\/wp\/v2\/posts\/60740\/revisions"}],"predecessor-version":[{"id":60742,"href":"https:\/\/colimdo.org\/wp-api\/wp\/v2\/posts\/60740\/revisions\/60742"}],"wp:featuredmedia":[{"embeddable":true,"href":"https:\/\/colimdo.org\/wp-api\/wp\/v2\/media\/60741"}],"wp:attachment":[{"href":"https:\/\/colimdo.org\/wp-api\/wp\/v2\/media?parent=60740"}],"wp:term":[{"taxonomy":"category","embeddable":true,"href":"https:\/\/colimdo.org\/wp-api\/wp\/v2\/categories?post=60740"},{"taxonomy":"post_tag","embeddable":true,"href":"https:\/\/colimdo.org\/wp-api\/wp\/v2\/tags?post=60740"}],"curies":[{"name":"wp","href":"https:\/\/api.w.org\/{rel}","templated":true}]}}