{"id":60766,"date":"2019-09-13T23:46:01","date_gmt":"2019-09-13T23:46:01","guid":{"rendered":"https:\/\/colimdo.org\/?p=60766"},"modified":"2019-09-13T23:46:01","modified_gmt":"2019-09-13T23:46:01","slug":"pabellon-la-fama-inicia-proceso-del-voto-electronico","status":"publish","type":"post","link":"https:\/\/colimdo.org\/noticias\/pabellon-la-fama-inicia-proceso-del-voto-electronico\/","title":{"rendered":"Pabell\u00f3n de la Fama inicia proceso del voto electr\u00f3nico"},"content":{"rendered":"<p>EL NUEVO DIARIO, SANTO DOMINGO-. El Pabell\u00f3n de la Fama del Deporte Dominicano dio inicio al proceso del voto electr\u00f3nico, mediante el cual los cronistas de todo el pa\u00eds tendr\u00e1n la oportunidad de elegir a dos deportistas que ser\u00e1n inmortalizados en el venidero ceremonial del mes de noviembre.<\/p>\n<p>As\u00ed lo anunci\u00f3 este viernes el presidente del Comit\u00e9 Permanente del Pabell\u00f3n de la Fama, el doctor Dionisio Guzm\u00e1n, quien precis\u00f3 que la novedad del voto electr\u00f3nico comenz\u00f3 a implementar en el proceso de elecci\u00f3n del a\u00f1o pasado.<\/p>\n<p>Sostuvo que a trav\u00e9s del mismo, los periodistas y cronistas deportivos nacionales tienen la potestad de elegir a dos inmortales.<\/p>\n<p>Explic\u00f3 que el proceso realiza a trav\u00e9s de las diferentes Asociaciones de Cronistas nacionales, como una manera de que todos sus miembros tengan la oportunidad de votar los ex atletas que consideren con m\u00e9ritos para la inmortalidad del deporte.<\/p>\n<p>Guzm\u00e1n agreg\u00f3 que el Pabell\u00f3n de la Fama envi\u00f3 los expedientes a cada asociaci\u00f3n, para que sea la propia entidad que facilite el proceso de votaci\u00f3n de sus miembros.<\/p>\n<p>Manifest\u00f3 que para los cronistas el proceso de elecci\u00f3n se cerrar\u00e1 el 30 de este mes, espacio en el que tendr\u00e1n la oportunidad de votar por un ex pelotero que se haya destacado como jugador en las Grandes Ligas, y otro salido de otros deportes no profesionales.<\/p>\n<p>El presidente del Sal\u00f3n de la Fama record\u00f3 que la instituci\u00f3n ha escogido a dos deportistas que ser\u00e1n inmortalizados en el Ceremonial a realizarse el segundo domingo de noviembre, que ser\u00e1 el d\u00eda 10.<\/p>\n<p>Los dos seleccionados, el docto Bol\u00edvar Vargas Candelario y el reputado periodista Roosevelt Comarazamy, fueron electos en calidad de propulsores, por abundante hoja de servicios que tienen el deporte, Bol\u00edvar como dirigente y Comarazamy como fino redactor y amplio conocedor del deporte en toda su dimensi\u00f3n.<\/p>\n","protected":false},"excerpt":{"rendered":"<p>Sostuvo que a trav\u00e9s del mismo, los periodistas y cronistas deportivos nacionales tienen la potestad de elegir a dos inmortales.<\/p>\n","protected":false},"author":19,"featured_media":60767,"comment_status":"closed","ping_status":"closed","sticky":false,"template":"","format":"standard","meta":[],"categories":[2,60],"tags":[],"acf":[],"_links":{"self":[{"href":"https:\/\/colimdo.org\/wp-api\/wp\/v2\/posts\/60766"}],"collection":[{"href":"https:\/\/colimdo.org\/wp-api\/wp\/v2\/posts"}],"about":[{"href":"https:\/\/colimdo.org\/wp-api\/wp\/v2\/types\/post"}],"author":[{"embeddable":true,"href":"https:\/\/colimdo.org\/wp-api\/wp\/v2\/users\/19"}],"replies":[{"embeddable":true,"href":"https:\/\/colimdo.org\/wp-api\/wp\/v2\/comments?post=60766"}],"version-history":[{"count":1,"href":"https:\/\/colimdo.org\/wp-api\/wp\/v2\/posts\/60766\/revisions"}],"predecessor-version":[{"id":60768,"href":"https:\/\/colimdo.org\/wp-api\/wp\/v2\/posts\/60766\/revisions\/60768"}],"wp:featuredmedia":[{"embeddable":true,"href":"https:\/\/colimdo.org\/wp-api\/wp\/v2\/media\/60767"}],"wp:attachment":[{"href":"https:\/\/colimdo.org\/wp-api\/wp\/v2\/media?parent=60766"}],"wp:term":[{"taxonomy":"category","embeddable":true,"href":"https:\/\/colimdo.org\/wp-api\/wp\/v2\/categories?post=60766"},{"taxonomy":"post_tag","embeddable":true,"href":"https:\/\/colimdo.org\/wp-api\/wp\/v2\/tags?post=60766"}],"curies":[{"name":"wp","href":"https:\/\/api.w.org\/{rel}","templated":true}]}}