{"id":60769,"date":"2019-09-13T23:54:41","date_gmt":"2019-09-13T23:54:41","guid":{"rendered":"https:\/\/colimdo.org\/?p=60769"},"modified":"2019-09-13T23:54:41","modified_gmt":"2019-09-13T23:54:41","slug":"voleibol-rd-se-mide-japon-inicio-este-sabado-copa-del-mundo","status":"publish","type":"post","link":"https:\/\/colimdo.org\/noticias\/voleibol-rd-se-mide-japon-inicio-este-sabado-copa-del-mundo\/","title":{"rendered":"Voleibol RD se mide a Jap\u00f3n en inicio este s\u00e1bado en Copa del Mundo"},"content":{"rendered":"<p>EL NUEVO DIARIO, YOKOHAMA,\u00a0JAP\u00d3N-.\u00a0 La selecci\u00f3n de voleibol femenina de la Rep\u00fablica Dominicana debutar\u00e1 este s\u00e1bado ante Jap\u00f3n en el inicio de la Copa del Mundo donde accionar\u00e1n los mejores 12 pa\u00edses del mundo.<\/p>\n<p>El choque est\u00e1 pautado para iniciarse este\u00a0s\u00e1bado\u00a0a las 6:20 de la ma\u00f1ana (hora dominicana). La justa la organiza la Federaci\u00f3n Internacional de Voleibol.<\/p>\n<p>Las criollas, actuales Campeonas Centroamericanas y Panamericanas culminaron sus entrenamientos este viernes luego de estar m\u00e1s de una semana en Jap\u00f3n.<\/p>\n<p>Dominicana accion\u00f3 en la Copa del Mundo en el 2015 donde arribaron en el lugar n\u00famero siete, donde las dominicanas Niverka Marte y Brenda Castillo, resultaron ser la mejor acomodadora y mejor libero de la contienda.<\/p>\n<p>El dirigente Marcos Kweik adujo que, nueva vez, las dominicanas podr\u00e1n en alto la bandera nacional. Por razones de recuperaci\u00f3n, no estar\u00e1 en el conjunto la estelar libero, Brenda Castillo.<\/p>\n<p>Para este domingo, d\u00eda 15, la Rep\u00fablica Dominicana se medir\u00e1 al sexteto de Corea a las 2:30 de la madrugada (hora dominicana).<\/p>\n<p>Jap\u00f3n continuar\u00e1 con su orgulloso r\u00e9cord de organizar eventos de voleibol FIVB de primera clase cuando el pa\u00eds sea sede de la\u00a0Copa\u00a0Mundial de Voleibol FIVB 2019, menos de un a\u00f1o antes de los Juegos Ol\u00edmpicos de Tokio 2020.<\/p>\n<p>La edici\u00f3n 2019 de la\u00a0Copa\u00a0Mundial de Voleibol FIVB contar\u00e1 con 12 equipos por g\u00e9nero, incluidos los anfitriones.\u00a0La competencia femenina se llevar\u00e1 a cabo a partir de este s\u00e1bado hasta el 29 de septiembre y el torneo masculino seguir\u00e1 del 1 al 15 de octubre.<\/p>\n<p>Celebrado en Jap\u00f3n desde 1977, el pa\u00eds organiz\u00f3 por \u00faltima vez la\u00a0Copa\u00a0del\u00a0Mundo\u00a0en 2015 antes de los Juegos Ol\u00edmpicos de R\u00edo de Janeiro 2016.\u00a0China termin\u00f3 por delante de Serbia para ganar la competencia femenina.\u00a0Y los dos equipos se encontraron nuevamente un a\u00f1o despu\u00e9s en el partido por la medalla de oro en R\u00edo 2016 en el que triunf\u00f3 China.<\/p>\n<div class=\"wpcnt\">\n<div class=\"wpa\"><span class=\"wpa-about\">Anuncios<\/span><\/div>\n<\/div>\n","protected":false},"excerpt":{"rendered":"<p>El choque est\u00e1 pautado para iniciarse este s\u00e1bado a las 6:20 de la ma\u00f1ana (hora dominicana). La justa la organiza la Federaci\u00f3n Internacional de Voleibol.<\/p>\n","protected":false},"author":19,"featured_media":60770,"comment_status":"closed","ping_status":"closed","sticky":false,"template":"","format":"standard","meta":[],"categories":[2,60],"tags":[],"acf":[],"_links":{"self":[{"href":"https:\/\/colimdo.org\/wp-api\/wp\/v2\/posts\/60769"}],"collection":[{"href":"https:\/\/colimdo.org\/wp-api\/wp\/v2\/posts"}],"about":[{"href":"https:\/\/colimdo.org\/wp-api\/wp\/v2\/types\/post"}],"author":[{"embeddable":true,"href":"https:\/\/colimdo.org\/wp-api\/wp\/v2\/users\/19"}],"replies":[{"embeddable":true,"href":"https:\/\/colimdo.org\/wp-api\/wp\/v2\/comments?post=60769"}],"version-history":[{"count":1,"href":"https:\/\/colimdo.org\/wp-api\/wp\/v2\/posts\/60769\/revisions"}],"predecessor-version":[{"id":60771,"href":"https:\/\/colimdo.org\/wp-api\/wp\/v2\/posts\/60769\/revisions\/60771"}],"wp:featuredmedia":[{"embeddable":true,"href":"https:\/\/colimdo.org\/wp-api\/wp\/v2\/media\/60770"}],"wp:attachment":[{"href":"https:\/\/colimdo.org\/wp-api\/wp\/v2\/media?parent=60769"}],"wp:term":[{"taxonomy":"category","embeddable":true,"href":"https:\/\/colimdo.org\/wp-api\/wp\/v2\/categories?post=60769"},{"taxonomy":"post_tag","embeddable":true,"href":"https:\/\/colimdo.org\/wp-api\/wp\/v2\/tags?post=60769"}],"curies":[{"name":"wp","href":"https:\/\/api.w.org\/{rel}","templated":true}]}}