{"id":60786,"date":"2019-09-14T15:49:42","date_gmt":"2019-09-14T15:49:42","guid":{"rendered":"https:\/\/colimdo.org\/?p=60786"},"modified":"2019-09-14T15:49:42","modified_gmt":"2019-09-14T15:49:42","slug":"david-ortiz-atentado-fue-algo-verdad-me-marco","status":"publish","type":"post","link":"https:\/\/colimdo.org\/noticias\/david-ortiz-atentado-fue-algo-verdad-me-marco\/","title":{"rendered":"David Ortiz sobre atentado: &#8216;Fue algo que de verdad me marc\u00f3&#8217;"},"content":{"rendered":"<p>ESPN.- David Ortiz asegur\u00f3 el viernes que el atentado sufrido hace tres meses en su natal Rep\u00fablica Dominicana lo marc\u00f3 para siempre, ya que es una persona bondadosa que no tiene conflicto con nadie, al hablar por primera vez desde en una entrevista concedida al programa Primer Impacto, de Univisi\u00f3n.<\/p>\n<p>El \u201cBig Papi\u2019\u2019, quien el lunes pasado sorprendi\u00f3 al aparecer en Fenway Park para lanzar la primera bola en un partido ante los New York Yankees, revel\u00f3 que sinti\u00f3 como una picaz\u00f3n al recibir el balazo por la espalda, y que estuvo en una situaci\u00f3n en la cual nunca hab\u00eda estado antes.<\/p>\n<div class=\"jwLWP _2hXa7 _2Dym_ blog-post-text-font blog-post-text-color\" data-block=\"true\" data-editor=\"3nmei\" data-offset-key=\"7uapu-0-0\">\n<div class=\"public-DraftStyleDefault-block public-DraftStyleDefault-ltr\" data-offset-key=\"7uapu-0-0\"><span data-offset-key=\"7uapu-0-0\">\u201cFue algo que de verdad me marc\u00f3, porque yo soy una persona que yo no tengo nunca inconveniente con nadie, yo soy una persona que a m\u00ed lo que me gusta es hacer amigos, me gusta ser una persona bondadosa, una persona que se lleva bien con todo el mundo, yo no soy persona de problemas, a mi no me gustan los problemas\u201d, dijo Ortiz a Primer Impacto.<\/span><\/div>\n<\/div>\n<div class=\"jwLWP _2hXa7 _2Dym_ blog-post-text-font blog-post-text-color\" data-block=\"true\" data-editor=\"3nmei\" data-offset-key=\"9p1u9-0-0\">\n<div data-offset-key=\"9p1u9-0-0\"><\/div>\n<div class=\"public-DraftStyleDefault-block public-DraftStyleDefault-ltr\" data-offset-key=\"9p1u9-0-0\"><span data-offset-key=\"9p1u9-0-0\">\u201cYo estaba en algo que nunca hab\u00eda sentido anteriormente en mi vida, y era tratar de sobrevivir\u201d, agreg\u00f3.<\/span><\/div>\n<\/div>\n<div class=\"jwLWP _2hXa7 _2Dym_ blog-post-text-font blog-post-text-color\" data-block=\"true\" data-editor=\"3nmei\" data-offset-key=\"fnbgr-0-0\">\n<p>El 9 de junio, el ex jugador de los Boston Red Sox recibi\u00f3 un disparo por la espalda en un ataque afuera de un bar en Santo Domingo, Rep\u00fablica Dominicana. Se someti\u00f3 a tres cirug\u00edas para tratar las heridas que pon\u00edan en riesgo su vida y fue dado de alta el 29 de julio del Massachusetts General Hospital, a donde lleg\u00f3 en un avi\u00f3n fletado por Red Sox.<\/p>\n<p>\u201cYo me siento muy bien, gracias a Dios ya he empezado de una semana para ac\u00e1 ejercitarme, pero cuando te pasa algo as\u00ed de esa magnitud el cuerpo tiende a variar, a sentirte diferente, un proceso, pero gracias a Dios ya estamos llegando a donde nos gusta estar\u2019\u2019, dijo.<\/p>\n<p>Record\u00f3 que ese d\u00eda, se pas\u00f3 el d\u00eda entero con sus hijos, y despu\u00e9s decidi\u00f3 salir de \u201cparty\u201d (fiesta) con su amigo Joel L\u00f3pez, un presentador en Dominicana.<\/p>\n<p>El viable candidato al Sal\u00f3n de la Fama de Cooperstown record\u00f3 lo que sinti\u00f3 al recibir el disparo.<\/p>\n<p>\u201cCuando la bala me impacta, yo lo que siento es como una picaz\u00f3n, los primeros cinco segundos yo pens\u00e9 que yo estaba teniendo una pesadilla, ya cuando pasa ese evento, un se\u00f1or llamado Eliezer (Salvador), que le agradezco much\u00edsimo y me auxili\u00f3. Fue el que me llev\u00f3 al hospital. Yo nunca perd\u00ed el conocimiento camino al hospital\u201d, expres\u00f3.<\/p>\n<p>El estar sin seguridad en el bar casino, dijo, fue porque nunca se sinti\u00f3 amenazado por alguie.<\/p>\n<p>\u201cNunca\u2019\u2019, respondi\u00f3 a pregunta expresa de que si alguna vez hab\u00eda sido amenazado. \u201cYo estaba de espalda a la calle, yo estaba sentado de espaldas a la calle, sin seguridad y sin nada, \u00bftu crees que una gente que lo amenacen o tenga problemas hace eso?\u201d.<\/p>\n<p>Y para aclararlo, agreg\u00f3, \u201cla \u00faltima vez que yo discut\u00ed con una gente, fue con un umpire en un juego de pelota\u201d.<\/p>\n<p>Hasta hoy en d\u00eda, todav\u00eda se hace la pregunta de qui\u00e9n lo quiso matar.<\/p>\n<p>\u201cEsa es una pregunta que yo todav\u00eda hoy en dia me la hago, porque como te repito, en Santo Domingo &#8211;mi tierra, que amo&#8211; estuvieron haciendo comentarios, hablando de cosas que en realidad no son, que si era un problema de faldas, que si yo estaba involucrado en problemas de narcotr\u00e1fico, de lavado, de cosas de esas, y me lastim\u00f3 mucho eso. Porque yo s\u00e9 que nosotros los dominicanos somos una raza muy buena, pero tenemos un problema, somos muy cortos de memoria.<\/p>\n<p>\u201cDurante mi carrera gan\u00e9 demasiado dinero, y todav\u00eda sigo ganando mucho dinero, no tengo necesidad de involucrarme en nada, yo tengo de 43 a\u00f1os de edad y yo no soy est\u00fapido\u201d, coment\u00f3.<\/p>\n<p>Sobre las especulaciones sobre qui\u00e9n orden\u00f3 el atentado, dijo que nada es una realidad.<\/p>\n<p>\u201cNada es una realidad, la polic\u00eda all\u00e1 en la Rep\u00fablica Dominicana &#8211;las autoridades&#8211; sacaron una conclusi\u00f3n, que para muchos entienden que fue algo que no le dio mucha conformidad a la gente, porque tu est\u00e1s hablando, en los videos t\u00fa ves que un tipo se me para atr\u00e1s y me dispara, pero aunque t\u00fa no lo creas a m\u00ed me hace sentido, te voy a explicar porqu\u00e9, n\u00famero uno yo no tengo enemigos, n\u00famero dos yo no hago el por qu\u00e9 una persona me quiera poner en esa situaci\u00f3n.<\/p>\n<p>Habl\u00f3 tambi\u00e9n de su relaci\u00f3n con Sixto David Fern\u00e1ndez y C\u00e9sar Emilio \u201cEl Abusador\u201d Peralta, luego de que el entrevistador le pidiera hablar de su v\u00ednculo con el segundo &#8211;un presunto narcotraficante buscando en RD y por la DEA&#8211; y que incluso, le dijo el entrevistador, lleg\u00f3 al hospital al cual fue trasladado tras el atentado.<\/p>\n<p>\u201cYo no s\u00e9 si estaban tratando de dispararme a mi o a Sixto, qued\u00e9 en los pies de Sixto.<\/p>\n<p>&nbsp;<\/p>\n<p>\u201cC\u00e9sar es una persona que todo mundo en la Rep\u00fablica Dominicana lo conoce, lo conoc\u00eda\u2026 yo ten\u00eda un apartamento en una torre que se llamaba Blue Tower, lo vend\u00ed hace un itempo, mientras ten\u00eda el apartamento lo conoc\u00ed un par de ocasiones, e viv\u00eda en la torre.<\/p>\n<p>Ortiz, dijo no saber su descartaba la teor\u00eda de que C\u00e9sar ordenar\u00e1 ejecutarlo.<\/p>\n<p>\u201cEs que no s\u00e9, de verdad no s\u00e9, no ver\u00eda la raz\u00f3n por la cu\u00e1l del por qu\u00e9 \u00e9l me har\u00eda un da\u00f1o as\u00ed, no ver\u00eda la raz\u00f3n, porque nunca tuve ninguna clase de conflicto con C\u00e9sar. Yo para C\u00e9sar era un \u00eddolo\u2019\u2019.<\/p>\n<p>Ortiz termin\u00f3 la entrevista con l\u00e1grimas en los ojos, cuando el reportero le cuestion\u00f3 si el atentado le afect\u00f3 a su familia.<\/p>\n<p>\u201cProceso dif\u00edcil, man, estuve para morir, estuve en coma, gente criticando, gente preocupada (preg\u00fantandose) \u00bfpor qu\u00e9 tu mereces que te maten?<\/p>\n<p>\u201cPor lo \u00fanico que me preocupo es que mi pa\u00eds avance. Ese cari\u00f1o que la gente le tiene a uno all\u00e1 no es de mentira\u201d.<\/p>\n<\/div>\n<div data-block=\"true\" data-editor=\"3nmei\" data-offset-key=\"fnbgr-0-0\"><\/div>\n","protected":false},"excerpt":{"rendered":"<p>El \u201cBig Papi\u2019\u2019, quien el lunes pasado sorprendi\u00f3 al aparecer en Fenway Park para lanzar la primera bola en un partido ante los New York Yankees, revel\u00f3 que sinti\u00f3 como una picaz\u00f3n al recibir el balazo por la espalda, y que estuvo en una situaci\u00f3n en la cual nunca hab\u00eda estado antes.<\/p>\n","protected":false},"author":16,"featured_media":60787,"comment_status":"closed","ping_status":"closed","sticky":false,"template":"","format":"standard","meta":[],"categories":[2,60],"tags":[],"acf":[],"_links":{"self":[{"href":"https:\/\/colimdo.org\/wp-api\/wp\/v2\/posts\/60786"}],"collection":[{"href":"https:\/\/colimdo.org\/wp-api\/wp\/v2\/posts"}],"about":[{"href":"https:\/\/colimdo.org\/wp-api\/wp\/v2\/types\/post"}],"author":[{"embeddable":true,"href":"https:\/\/colimdo.org\/wp-api\/wp\/v2\/users\/16"}],"replies":[{"embeddable":true,"href":"https:\/\/colimdo.org\/wp-api\/wp\/v2\/comments?post=60786"}],"version-history":[{"count":1,"href":"https:\/\/colimdo.org\/wp-api\/wp\/v2\/posts\/60786\/revisions"}],"predecessor-version":[{"id":60788,"href":"https:\/\/colimdo.org\/wp-api\/wp\/v2\/posts\/60786\/revisions\/60788"}],"wp:featuredmedia":[{"embeddable":true,"href":"https:\/\/colimdo.org\/wp-api\/wp\/v2\/media\/60787"}],"wp:attachment":[{"href":"https:\/\/colimdo.org\/wp-api\/wp\/v2\/media?parent=60786"}],"wp:term":[{"taxonomy":"category","embeddable":true,"href":"https:\/\/colimdo.org\/wp-api\/wp\/v2\/categories?post=60786"},{"taxonomy":"post_tag","embeddable":true,"href":"https:\/\/colimdo.org\/wp-api\/wp\/v2\/tags?post=60786"}],"curies":[{"name":"wp","href":"https:\/\/api.w.org\/{rel}","templated":true}]}}