{"id":60805,"date":"2019-09-14T21:11:09","date_gmt":"2019-09-14T21:11:09","guid":{"rendered":"https:\/\/colimdo.org\/?p=60805"},"modified":"2019-09-14T21:11:21","modified_gmt":"2019-09-14T21:11:21","slug":"canelo-alvarez-busca-historia-la-pelea-ante-kovalev","status":"publish","type":"post","link":"https:\/\/colimdo.org\/noticias\/canelo-alvarez-busca-historia-la-pelea-ante-kovalev\/","title":{"rendered":"&#8216;Canelo&#8217; \u00c1lvarez busca hacer historia con la pelea ante Kovalev"},"content":{"rendered":"<p><strong>Houston (EE.UU.), (EFE).-<\/strong> El p\u00fagil mexicano Sa\u00fal &#8216;Canelo&#8217; \u00c1lvarez buscar\u00e1 un nuevo reto cuando el pr\u00f3ximo 2 de noviembre se enfrente al ruso Sergey &#8216;Krusher&#8217; Kovalev con el t\u00edtulo del peso semipesado de la Asociaci\u00f3n Mundial de Boxeo (AMB) en juego.<\/p>\n<p>La confirmaci\u00f3n oficial de la pelea entre ambos p\u00fagiles fue hecha este viernes por \u00c1lvarez a trav\u00e9s de sus redes sociales y posteriormente por la compa\u00f1\u00eda que lo representa, Golden Boy Promotions.<\/p>\n<p>El duelo tendr\u00e1 como escenario el MGM Grand de Las Vegas y \u00c1lvarez, que en diciembre pasado se convirti\u00f3 en el d\u00e9cimo boxeador mexicano en consagrarse como tricampe\u00f3n del mundo, tratar\u00e1 de subir un escalaf\u00f3n m\u00e1s cuando busque el tetracampeonato mundial.<\/p>\n<p>El combate no se podr\u00e1 celebrar en el T-Mobile Arena porque ya ha programado esa misma noche un partido de hockey sobre hielo. La cartelera, que se anunciar\u00e1 posteriormente, ser\u00e1 emitida en Estados Unidos por el servicio DAZN.<\/p>\n<p>\u00c1lvarez, de 29 a\u00f1os, tendr\u00e1 que subir dos categor\u00edas de peso, pero reiter\u00f3 que siempre est\u00e1 listo para enfrentar los mayores retos como profesional y que buscar\u00e1 de nuevo hacer historia.<\/p>\n<p>A pesar de que las negociaciones tardaron mucho m\u00e1s de lo esperado, lo que incluso llev\u00f3 a que cancelaran la presentaci\u00f3n del &#8216;Canelo&#8217; para el fin de semana de la Independencia de M\u00e9xico, al final hubo acuerdo para que suba dos divisiones respecto a su \u00faltima pelea.<\/p>\n<p>La aceptaci\u00f3n del combate y el subir de categor\u00eda, es seg\u00fan \u00c1lvarez la segunda fase de la planificaci\u00f3n que ten\u00edan de realizar grandes peleas que lo pongan en la historia del boxeo.<\/p>\n<p>Ser\u00e1 la decimosexta pelea del campeonato mundial en la carrera de \u00c1lvarez, primera en la categor\u00eda de los semipesados, mientras que &#8216;Krusher&#8217; Kovalev disputar\u00e1 el decimos\u00e9ptimo combate titular, todas ellas en la categor\u00eda en la que va a defender el t\u00edtulo.<\/p>\n<p>\u00c1lvarez llegar\u00e1 a la pelea con 52 triunfos, 35 de ellos por nocaut, una derrota y dos empates.<\/p>\n<p>Mientras que Kovalev, de 36 a\u00f1os, se presentar\u00e1 con 34 victorias, 29 de ellas conseguidas por la v\u00eda r\u00e1pida, tres derrotas y un empate.<\/p>\n<p>El CEO de Golden Boy Promotions, \u00d3scar De La Hoya, tambi\u00e9n expres\u00f3 su satisfacci\u00f3n por haber cerrado el acuerdo de la pelea con Kovalev, que permitir\u00eda a \u00c1lvarez ser campe\u00f3n en cuatro divisiones diferentes, algo que s\u00f3lo han podido lograr los grandes boxeadores de todos los tiempos.<\/p>\n<p>\u00c1lvarez tratar\u00e1 de convertirse apenas en el cuarto mexicano que conquista campeonatos mundiales en cuatro diferentes divisiones despu\u00e9s que ya lo lograron \u00c9rik Morales, que fue el primero en conseguirlo. Le sigui\u00f3 Juan Manuel M\u00e1rquez y Jorge &#8216;Travieso&#8217; Arce.<\/p>\n<p>Un triunfo de \u00c1lvarez tambi\u00e9n le permitir\u00e1 haber logrado t\u00edtulos en los pesos superwelter, mdiano, supermediano y semipesado, algo que hasta ahora s\u00f3lo han podido alcanzar los legendarios estadounidenses Sugar Ray Leonard y Thomas Hearns.<\/p>\n<p>\u00c1lvarez tuvo su \u00faltima pelea el pasado mayo, cuando derrot\u00f3 por la v\u00eda de los puntos al estadounidense Daniel Jacobs para unificar los t\u00edtulos de la AMB, Consejo Mundial de Boxeo (CMB) y Federaci\u00f3n Internacional de Boxeo (FIB) en la categor\u00eda de los pesos medianos.<\/p>\n<p>Actualmente, \u00c1lvarez ostenta las fajas de peso medio y s\u00faper mediano de la AMB y es campe\u00f3n tambi\u00e9n del CMB.<\/p>\n<p>Mientras que Kovalev har\u00e1 su tercera pelea de campeonato en el a\u00f1o, algo que no suced\u00eda desde 2016, cuando derrot\u00f3 a Jean Pascal e Isaac Chilemba, antes de caer frente al estadounidense Andre Ward.<\/p>\n<p>Kovalev logr\u00f3 los \u00faltimos dos triunfos frente al colombiano Eleider \u00c1lvarez, el pasado enero, y luego gan\u00f3 por la v\u00eda r\u00e1pida al ingl\u00e9s Anthony Yarde, quien antes de perder estuvo cerca de dejar nocaut al p\u00fagil ruso.<\/p>\n","protected":false},"excerpt":{"rendered":"<p>El combate est\u00e1 pautado para llevarse a cabo el pr\u00f3ximo 2 de noviembre con el t\u00edtulo del peso semipesado de la Asociaci\u00f3n Mundial de Boxeo (AMB) en juego.<\/p>\n","protected":false},"author":13,"featured_media":60806,"comment_status":"closed","ping_status":"closed","sticky":false,"template":"","format":"standard","meta":[],"categories":[2,60],"tags":[],"acf":[],"_links":{"self":[{"href":"https:\/\/colimdo.org\/wp-api\/wp\/v2\/posts\/60805"}],"collection":[{"href":"https:\/\/colimdo.org\/wp-api\/wp\/v2\/posts"}],"about":[{"href":"https:\/\/colimdo.org\/wp-api\/wp\/v2\/types\/post"}],"author":[{"embeddable":true,"href":"https:\/\/colimdo.org\/wp-api\/wp\/v2\/users\/13"}],"replies":[{"embeddable":true,"href":"https:\/\/colimdo.org\/wp-api\/wp\/v2\/comments?post=60805"}],"version-history":[{"count":1,"href":"https:\/\/colimdo.org\/wp-api\/wp\/v2\/posts\/60805\/revisions"}],"predecessor-version":[{"id":60807,"href":"https:\/\/colimdo.org\/wp-api\/wp\/v2\/posts\/60805\/revisions\/60807"}],"wp:featuredmedia":[{"embeddable":true,"href":"https:\/\/colimdo.org\/wp-api\/wp\/v2\/media\/60806"}],"wp:attachment":[{"href":"https:\/\/colimdo.org\/wp-api\/wp\/v2\/media?parent=60805"}],"wp:term":[{"taxonomy":"category","embeddable":true,"href":"https:\/\/colimdo.org\/wp-api\/wp\/v2\/categories?post=60805"},{"taxonomy":"post_tag","embeddable":true,"href":"https:\/\/colimdo.org\/wp-api\/wp\/v2\/tags?post=60805"}],"curies":[{"name":"wp","href":"https:\/\/api.w.org\/{rel}","templated":true}]}}