{"id":60847,"date":"2019-09-15T20:53:25","date_gmt":"2019-09-15T20:53:25","guid":{"rendered":"https:\/\/colimdo.org\/?p=60847"},"modified":"2019-09-15T20:53:33","modified_gmt":"2019-09-15T20:53:33","slug":"uruguay-vence-republica-dominicana-grupo-1-copa-davis","status":"publish","type":"post","link":"https:\/\/colimdo.org\/noticias\/uruguay-vence-republica-dominicana-grupo-1-copa-davis\/","title":{"rendered":"Uruguay vence a Rep\u00fablica Dominicana en Grupo 1 Copa Davis"},"content":{"rendered":"<p><strong>MONTEVIDEO. EFE.<\/strong> El equipo uruguayo de Copa Davis se impuso 3-1 a su par de Rep\u00fablica Dominicana tras el encuentro individual y el de dobles disputados este domingo por una de las series del Grupo 1 Americano, y se asegur\u00f3 un lugar en la eliminatoria para acceder a la m\u00e1xima categor\u00eda de la competici\u00f3n.<\/p>\n<p>La jornada, disputada en el Carrasco Lawn Tennis de Montevideo, comenz\u00f3 con el encuentro de dobles entre los uruguayos Pablo y Mart\u00edn Cuevas y los dominicanos Nick Hart y V\u00edctor Estrella.<\/p>\n<p>El primer set del partido fue muy parejo y ambos equipos se hicieron muy fuertes con su saque, sin embargo, un quiebre de Uruguay cuando estaban igualados 3-3 le permiti\u00f3 a los sudamericanos sacar una ventaja que los llev\u00f3 a la victoria por 6-4.<\/p>\n<p>El segundo set del juego fue muy similar y nuevamente el quiebre fue para los hermanos Cuevas cuando estaban 3-3.<\/p>\n<p>La diferencia fue que esta vez tras ese punto, los uruguayos ganaron los dos siguientes y sellaron el primer triunfo del d\u00eda por 6-4, 6-3.<\/p>\n<p>El siguiente encuentro de la jornada enfrent\u00f3 a Pablo Cuevas con Jos\u00e9 Hern\u00e1ndez, quien comenz\u00f3 el primer set ganando 2-0.<\/p>\n<p>Pese a esto, el local remont\u00f3 sobre el final y a base de saques muy precisos termin\u00f3 conquistando el primer set por 7-5.<\/p>\n<p>En el segundo set, Pablo Cuevas, el mejor tenista en la historia de Uruguay, mostr\u00f3 toda su categor\u00eda y con un contundente 6-0 cerr\u00f3 la serie con victoria para los sudamericanos.<\/p>\n<p>Con el triunfo uruguayo asegurado, se decidi\u00f3 que el quinto juego no se llevara a cabo por lo que la serie qued\u00f3 3-1 para los locales.<\/p>\n<p>Los triunfos uruguayos de este domingo se sumaron al que el s\u00e1bado cosech\u00f3 Pablo Cuevas frente a Roberto Cid.<\/p>\n<p>En tanto, el punto para los caribe\u00f1os lo consigui\u00f3 Jos\u00e9 Hern\u00e1ndez con una victoria sobre Mart\u00edn Cuevas.<\/p>\n<p>Con el triunfo, los capitaneados por Enrique \u2018Bebe\u2019 P\u00e9rez avanzaron a los \u2018playoffs\u2019 del Grupo Mundial, serie que jugar\u00e1n en marzo de 2020 contra un rival que se definir\u00e1 mediante un sorteo en Noviembre.<\/p>\n<p>Respecto de esto, Pablo Cuevas se\u00f1al\u00f3 en la conferencia de prensa que desde que integra el equipo de su pa\u00eds, siempre \u201cel objetivo\u201d fue lograr eso, ya que no se consegu\u00eda desde 1994.<\/p>\n<p>\u201cHab\u00edamos tenido dos veces esa posibilidad y no hab\u00eda podido jugar por mi larga lesi\u00f3n en la rodilla. Esta vez llegu\u00e9 bien y significa un mont\u00f3n estar en la situaci\u00f3n que nos toca el a\u00f1o que viene y obviamente hay que prepararse y tratar de aprovechar esa posibilidad que va a ser \u00fanica para este equipo\u201d, apunt\u00f3.<\/p>\n<p>Por su parte, el capit\u00e1n del equipo destac\u00f3 que en la pr\u00f3xima instancia podr\u00eda llegar a Uruguay el equipo \u201cde un pa\u00eds de trayectoria\u201d, algo que, m\u00e1s all\u00e1 de la complicaci\u00f3n a nivel deportivo, ser\u00eda \u201cun triunfo\u201d para su pa\u00eds.<\/p>\n","protected":false},"excerpt":{"rendered":"<p>Los uruguayos se llevaron el triunfo 3-1 tras las victorias en dobles e individuales este domingo en Copa Davis y avanzaron a la eliminatoria de la m\u00e1xima categor\u00eda.<\/p>\n","protected":false},"author":13,"featured_media":60848,"comment_status":"closed","ping_status":"closed","sticky":false,"template":"","format":"standard","meta":[],"categories":[2,60],"tags":[],"acf":[],"_links":{"self":[{"href":"https:\/\/colimdo.org\/wp-api\/wp\/v2\/posts\/60847"}],"collection":[{"href":"https:\/\/colimdo.org\/wp-api\/wp\/v2\/posts"}],"about":[{"href":"https:\/\/colimdo.org\/wp-api\/wp\/v2\/types\/post"}],"author":[{"embeddable":true,"href":"https:\/\/colimdo.org\/wp-api\/wp\/v2\/users\/13"}],"replies":[{"embeddable":true,"href":"https:\/\/colimdo.org\/wp-api\/wp\/v2\/comments?post=60847"}],"version-history":[{"count":1,"href":"https:\/\/colimdo.org\/wp-api\/wp\/v2\/posts\/60847\/revisions"}],"predecessor-version":[{"id":60849,"href":"https:\/\/colimdo.org\/wp-api\/wp\/v2\/posts\/60847\/revisions\/60849"}],"wp:featuredmedia":[{"embeddable":true,"href":"https:\/\/colimdo.org\/wp-api\/wp\/v2\/media\/60848"}],"wp:attachment":[{"href":"https:\/\/colimdo.org\/wp-api\/wp\/v2\/media?parent=60847"}],"wp:term":[{"taxonomy":"category","embeddable":true,"href":"https:\/\/colimdo.org\/wp-api\/wp\/v2\/categories?post=60847"},{"taxonomy":"post_tag","embeddable":true,"href":"https:\/\/colimdo.org\/wp-api\/wp\/v2\/tags?post=60847"}],"curies":[{"name":"wp","href":"https:\/\/api.w.org\/{rel}","templated":true}]}}