{"id":60873,"date":"2019-09-16T14:59:42","date_gmt":"2019-09-16T14:59:42","guid":{"rendered":"https:\/\/colimdo.org\/?p=60873"},"modified":"2019-09-16T14:59:42","modified_gmt":"2019-09-16T14:59:42","slug":"luis-polonia-dernier-orozco-dirigiran-primer-dia-entrenamientos-las-aguilas","status":"publish","type":"post","link":"https:\/\/colimdo.org\/noticias\/luis-polonia-dernier-orozco-dirigiran-primer-dia-entrenamientos-las-aguilas\/","title":{"rendered":"Luis Polonia y Dernier Orozco dirigir\u00e1n el primer d\u00eda de entrenamientos de las \u00c1guilas"},"content":{"rendered":"<p>SANTIAGO. &#8211; El Coach de bateo, Luis Polonia y el pitching coach, el venezolano Dernier Orozco ser\u00e1n quienes dirijan el primer d\u00eda de entrenamientos de las \u00c1guilas Cibae\u00f1as cuando hagan apertura de su campo de su campamento el pr\u00f3ximo jueves.<\/p>\n<p>\u00c1ngel Ovalles, Gerente General del equipo, indic\u00f3 que originalmente Omar Ram\u00edrez, quien trabaja en ligas menores con la organizaci\u00f3n de los Reales de Kansas City, era el indicado, pero que su equipo entr\u00f3 a los play off y no podr\u00e1 estar el d\u00eda de inicio.<\/p>\n<p>\u201cTodo seguir\u00e1 igual Polonia y Orozco son dos entrenadores de reconocida capacidad dentro del cuerpo t\u00e9cnico para hacer el trabajo, a partir de ah\u00ed, el manager Omar L\u00f3pez lo har\u00e1 desde el d\u00eda siguiente, ya que arriba a Rep\u00fablica Dominicana el mismo 19\u201d, dijo.<\/p>\n<p>El jueves entrar\u00e1n al campo los lanzadores y receptores, mientras que los jugadores de posici\u00f3n lo har\u00e1n el lunes 23.<\/p>\n","protected":false},"excerpt":{"rendered":"<p>Las \u00c1guilas har\u00e1n su apertura de entrenamientos el pr\u00f3ximo jueves. <\/p>\n","protected":false},"author":19,"featured_media":60874,"comment_status":"closed","ping_status":"closed","sticky":false,"template":"","format":"standard","meta":[],"categories":[2,60],"tags":[],"acf":[],"_links":{"self":[{"href":"https:\/\/colimdo.org\/wp-api\/wp\/v2\/posts\/60873"}],"collection":[{"href":"https:\/\/colimdo.org\/wp-api\/wp\/v2\/posts"}],"about":[{"href":"https:\/\/colimdo.org\/wp-api\/wp\/v2\/types\/post"}],"author":[{"embeddable":true,"href":"https:\/\/colimdo.org\/wp-api\/wp\/v2\/users\/19"}],"replies":[{"embeddable":true,"href":"https:\/\/colimdo.org\/wp-api\/wp\/v2\/comments?post=60873"}],"version-history":[{"count":1,"href":"https:\/\/colimdo.org\/wp-api\/wp\/v2\/posts\/60873\/revisions"}],"predecessor-version":[{"id":60875,"href":"https:\/\/colimdo.org\/wp-api\/wp\/v2\/posts\/60873\/revisions\/60875"}],"wp:featuredmedia":[{"embeddable":true,"href":"https:\/\/colimdo.org\/wp-api\/wp\/v2\/media\/60874"}],"wp:attachment":[{"href":"https:\/\/colimdo.org\/wp-api\/wp\/v2\/media?parent=60873"}],"wp:term":[{"taxonomy":"category","embeddable":true,"href":"https:\/\/colimdo.org\/wp-api\/wp\/v2\/categories?post=60873"},{"taxonomy":"post_tag","embeddable":true,"href":"https:\/\/colimdo.org\/wp-api\/wp\/v2\/tags?post=60873"}],"curies":[{"name":"wp","href":"https:\/\/api.w.org\/{rel}","templated":true}]}}