{"id":60887,"date":"2019-09-16T16:23:50","date_gmt":"2019-09-16T16:23:50","guid":{"rendered":"https:\/\/colimdo.org\/?p=60887"},"modified":"2019-09-16T16:23:50","modified_gmt":"2019-09-16T16:23:50","slug":"colocan-aro-la-casa-rosada-honor-la-seleccion-argentina-baloncesto","status":"publish","type":"post","link":"https:\/\/colimdo.org\/noticias\/colocan-aro-la-casa-rosada-honor-la-seleccion-argentina-baloncesto\/","title":{"rendered":"Colocan un aro en la Casa Rosada en honor a la selecci\u00f3n argentina de baloncesto"},"content":{"rendered":"<p>Buenos Aires, 16 sep. (EFE).- El Gobierno argentino coloc\u00f3 este lunes un aro de baloncesto en la Casa Rosada en &#8220;reconocimiento al desempe\u00f1o extraordinario que tuvo el equipo en el Mundial de China 2019&#8221;, seg\u00fan un comunicado de Presidencia que alaba el segundo puesto de la Albiceleste, que perdi\u00f3 la final contra Espa\u00f1a.<\/p>\n<p>El presidente, Mauricio Macri, se sum\u00f3 a los elogios y afirm\u00f3 que &#8220;es un orgullo para el pa\u00eds lo que han hecho\u201d los jugadores dirigidos por Sergio &#8216;Oveja&#8217; Hern\u00e1ndez, que consiguieron la medalla de plata dejando en el camino a equipos tan poderosos como Serbia o Francia.<\/p>\n<p>&#8220;Macri se\u00f1al\u00f3 que habl\u00f3 por tel\u00e9fono con el capit\u00e1n del plantel, Luis Scola, y le envi\u00f3 un &#8216;saludo grande&#8217; al equipo nacional que, adem\u00e1s, se clasific\u00f3 para disputar el a\u00f1o que viene los Juegos Ol\u00edmpicos Jap\u00f3n 2020&#8221;, afirma el comunicado.<\/p>\n<p>El jefe de Estado &#8220;posiblemente&#8221; recibir\u00e1 ma\u00f1ana a algunos de los integrantes del seleccionado que vuelven a Argentina.<\/p>\n<p>Al t\u00e9rmino de la final, en la que Espa\u00f1a se impuso por un tanteo de 95 a 75, Macri se mostr\u00f3 &#8220;orgulloso&#8221; por la actuaci\u00f3n de los argentinos a trav\u00e9s de su cuenta de Twitter.<\/p>\n<p>\u201cMuy orgulloso, como todos los argentinos, de la entrega, el talento y la tenacidad que mostr\u00f3 la Selecci\u00f3n de B\u00e1squet. Gracias a todos por habernos representado en el Campeonato Mundial de esta manera. Arriba muchachos!!! Lo dieron todo!!!!\u201d, public\u00f3.<\/p>\n<p>El secretario general de la Presidencia, Fernando de Andreis, tambi\u00e9n se pronunci\u00f3 sobre un equipo que durante las \u00faltimas dos semanas hizo m\u00e1s llevadero el complicado momento que vive en pa\u00eds en lo econ\u00f3mico.<\/p>\n<p>\u201cEsta selecci\u00f3n fue un orgullo, no solamente por los logros alcanzados sino por la determinaci\u00f3n deportiva y su comportamiento ejemplar&#8221;, afirm\u00f3 De Andreis.<\/p>\n<p>&nbsp;<\/p>\n<p>Argentina sal\u00e9 muy reforzada de un Mundial al que llegaron sin el cartel de favoritos, con un equipo joven sin jugadores NBA y con el liderazgo de Luis Scola, \u00faltimo integrante de la generaci\u00f3n dorada que tantas alegr\u00edas dio al deporte nacional.<\/p>\n","protected":false},"excerpt":{"rendered":"<p>El jefe de Estado &#8220;posiblemente&#8221; recibir\u00e1 ma\u00f1ana a algunos de los integrantes del seleccionado que vuelven a Argentina.<\/p>\n","protected":false},"author":19,"featured_media":60888,"comment_status":"closed","ping_status":"closed","sticky":false,"template":"","format":"standard","meta":[],"categories":[2,60],"tags":[],"acf":[],"_links":{"self":[{"href":"https:\/\/colimdo.org\/wp-api\/wp\/v2\/posts\/60887"}],"collection":[{"href":"https:\/\/colimdo.org\/wp-api\/wp\/v2\/posts"}],"about":[{"href":"https:\/\/colimdo.org\/wp-api\/wp\/v2\/types\/post"}],"author":[{"embeddable":true,"href":"https:\/\/colimdo.org\/wp-api\/wp\/v2\/users\/19"}],"replies":[{"embeddable":true,"href":"https:\/\/colimdo.org\/wp-api\/wp\/v2\/comments?post=60887"}],"version-history":[{"count":1,"href":"https:\/\/colimdo.org\/wp-api\/wp\/v2\/posts\/60887\/revisions"}],"predecessor-version":[{"id":60889,"href":"https:\/\/colimdo.org\/wp-api\/wp\/v2\/posts\/60887\/revisions\/60889"}],"wp:featuredmedia":[{"embeddable":true,"href":"https:\/\/colimdo.org\/wp-api\/wp\/v2\/media\/60888"}],"wp:attachment":[{"href":"https:\/\/colimdo.org\/wp-api\/wp\/v2\/media?parent=60887"}],"wp:term":[{"taxonomy":"category","embeddable":true,"href":"https:\/\/colimdo.org\/wp-api\/wp\/v2\/categories?post=60887"},{"taxonomy":"post_tag","embeddable":true,"href":"https:\/\/colimdo.org\/wp-api\/wp\/v2\/tags?post=60887"}],"curies":[{"name":"wp","href":"https:\/\/api.w.org\/{rel}","templated":true}]}}