{"id":60890,"date":"2019-09-16T17:01:50","date_gmt":"2019-09-16T17:01:50","guid":{"rendered":"https:\/\/colimdo.org\/?p=60890"},"modified":"2019-09-16T17:01:50","modified_gmt":"2019-09-16T17:01:50","slug":"felix-mangu-valera-pierde-descalificacion","status":"publish","type":"post","link":"https:\/\/colimdo.org\/noticias\/felix-mangu-valera-pierde-descalificacion\/","title":{"rendered":"F\u00e9lix &#8220;Mang\u00fa&#8221; Valera pierde por descalificaci\u00f3n"},"content":{"rendered":"<p>HOY &#8211;\u00a0El ucraniano Vyacheslav Shabranskyy derrot\u00f3 por descalificaci\u00f3n en el octavo asalto al dominicano F\u00e9lix \u201cMang\u00fa\u201d Valera en uno de los combates que formaron parte de la cartelera que enfrent\u00f3 a el ex campe\u00f3n mundial unificado, el ingl\u00e9s Tyson Fury y al sueco Otto Wallin.<\/p>\n<p>Valera, un ex campe\u00f3n mundial semi pesado con aspiraci\u00f3n de recuperar la corona de las 175 libras, tuvo serios problemas en todos los rounds y en el octavo, por conectar golpes ilegales, el \u00e1rbitro le quit\u00f3 dos puntos.<\/p>\n<p>El peleador criollo, semanas antes de su pleito, hab\u00eda manifestado que su inter\u00e9s -inmediato- era contener de nuevo por una faja del mundo\u2026&#8221;y voy a ganar&#8221;.<\/p>\n<p>El combate, pactado a diez rounds, form\u00f3 parte del cartel internacional montado en el coliseo T-Mobil de Las Vegas, Nevada, que tuvo como protagonista principal al brit\u00e1nico Tyson Fury quien sali\u00f3 airoso frente al sueco Otto Wallin y se mantiene invicto.<\/p>\n<p>Valera, quien tiene 31 a\u00f1os de edad, ten\u00eda la esperanza de salir por la puerta del \u00e9xito porque una victoria le garantizaba intentar otra vez de coronase titular de los semicompletos.<\/p>\n<p>El criollo, en el 2015, se adue\u00f1\u00f3 del cetro de las 175 libras, avalado por la Asociaci\u00f3n Mundial de Boxeo (AMB), al derrotar por decisi\u00f3n un\u00e1nime al ruso Stanislav Kashtanov.<\/p>\n<p>La del s\u00e1bado es la tercera derrota que sufre Valera, quie ndeja su r\u00e9cord en 18-3, 15 KOS.<\/p>\n","protected":false},"excerpt":{"rendered":"<p>Valera, un ex campe\u00f3n mundial semi pesado con aspiraci\u00f3n de recuperar la corona de las 175 libras, tuvo serios problemas en todos los rounds y en el octavo, por conectar golpes ilegales, el \u00e1rbitro le quit\u00f3 dos puntos.<\/p>\n","protected":false},"author":19,"featured_media":60891,"comment_status":"closed","ping_status":"closed","sticky":false,"template":"","format":"standard","meta":[],"categories":[2,60],"tags":[],"acf":[],"_links":{"self":[{"href":"https:\/\/colimdo.org\/wp-api\/wp\/v2\/posts\/60890"}],"collection":[{"href":"https:\/\/colimdo.org\/wp-api\/wp\/v2\/posts"}],"about":[{"href":"https:\/\/colimdo.org\/wp-api\/wp\/v2\/types\/post"}],"author":[{"embeddable":true,"href":"https:\/\/colimdo.org\/wp-api\/wp\/v2\/users\/19"}],"replies":[{"embeddable":true,"href":"https:\/\/colimdo.org\/wp-api\/wp\/v2\/comments?post=60890"}],"version-history":[{"count":1,"href":"https:\/\/colimdo.org\/wp-api\/wp\/v2\/posts\/60890\/revisions"}],"predecessor-version":[{"id":60892,"href":"https:\/\/colimdo.org\/wp-api\/wp\/v2\/posts\/60890\/revisions\/60892"}],"wp:featuredmedia":[{"embeddable":true,"href":"https:\/\/colimdo.org\/wp-api\/wp\/v2\/media\/60891"}],"wp:attachment":[{"href":"https:\/\/colimdo.org\/wp-api\/wp\/v2\/media?parent=60890"}],"wp:term":[{"taxonomy":"category","embeddable":true,"href":"https:\/\/colimdo.org\/wp-api\/wp\/v2\/categories?post=60890"},{"taxonomy":"post_tag","embeddable":true,"href":"https:\/\/colimdo.org\/wp-api\/wp\/v2\/tags?post=60890"}],"curies":[{"name":"wp","href":"https:\/\/api.w.org\/{rel}","templated":true}]}}