{"id":60893,"date":"2019-09-16T17:09:29","date_gmt":"2019-09-16T17:09:29","guid":{"rendered":"https:\/\/colimdo.org\/?p=60893"},"modified":"2019-09-16T17:09:29","modified_gmt":"2019-09-16T17:09:29","slug":"estrellas-orientales-llevaran-trofeo-campeon-nueva-york","status":"publish","type":"post","link":"https:\/\/colimdo.org\/noticias\/estrellas-orientales-llevaran-trofeo-campeon-nueva-york\/","title":{"rendered":"Estrellas Orientales llevar\u00e1n trofeo de campe\u00f3n a Nueva York"},"content":{"rendered":"<p>SAN PEDRO DE MACOR\u00cdS.- Las Estrellas llevar\u00e1n el pr\u00f3ximo fin de semana a Nueva York su trofeo de actual equipo campe\u00f3n del b\u00e9isbol profesional dominicano, para exhibirlo ante sus fan\u00e1ticos, en varias actividades que se celebrar\u00e1n all\u00ed, con motivo del aniversario n\u00famero 137 de la elevaci\u00f3n de San Pedro de Macor\u00eds a la condici\u00f3n de puerto mar\u00edtimo.<\/p>\n<p>Los simpatizantes de las Estrellas en Nueva York podr\u00e1n hacerse fotos con el trofeo de campe\u00f3n de la temporada 2018-2019, el pr\u00f3ximo viernes (20 de septiembre), a las 6:00 p.m.; en la Escuela Luper\u00f3n, en el 501 West de la calle 165 (esquina Amsterdam), donde habr\u00e1 un juego de voleibol. Luego (9:30 p.m.) en el Club Cultural y Deportivo Dominicano, en el 2088 de la Avenida Amsterdam, en ambos casos en Manhattan.<\/p>\n<p>El s\u00e1bado pr\u00f3ximo, desde las 9:00 a.m., durante la disputa de la D\u00e9cima Copa de Softball Inwood Hill Park, en la Avenida Seaman con calle 207, tambi\u00e9n en Manhattan.<\/p>\n<p>El pr\u00f3ximo domingo, desde las 9:00 a.m., en el Club Cultural y Deportivo Dominicano, donde se celebrar\u00e1n varios intercambios deportivos.<\/p>\n<p>El delegado de las Estrellas en Nueva York, Francis Belliard, coordinar\u00e1 las actividades, en las cuales estar\u00e1 presente, el Lic. P\u00e1vel Aguil\u00f3, vicepresidente ejecutivo del club, en representaci\u00f3n de su Junta Directiva.<\/p>\n","protected":false},"excerpt":{"rendered":"<p>El delegado de las Estrellas en Nueva York, Francis Belliard, coordinar\u00e1 las actividades, en las cuales estar\u00e1 presente, el Lic. P\u00e1vel Aguil\u00f3, vicepresidente ejecutivo del club, en representaci\u00f3n de su Junta Directiva.<\/p>\n","protected":false},"author":19,"featured_media":60894,"comment_status":"closed","ping_status":"closed","sticky":false,"template":"","format":"standard","meta":[],"categories":[2,60],"tags":[],"acf":[],"_links":{"self":[{"href":"https:\/\/colimdo.org\/wp-api\/wp\/v2\/posts\/60893"}],"collection":[{"href":"https:\/\/colimdo.org\/wp-api\/wp\/v2\/posts"}],"about":[{"href":"https:\/\/colimdo.org\/wp-api\/wp\/v2\/types\/post"}],"author":[{"embeddable":true,"href":"https:\/\/colimdo.org\/wp-api\/wp\/v2\/users\/19"}],"replies":[{"embeddable":true,"href":"https:\/\/colimdo.org\/wp-api\/wp\/v2\/comments?post=60893"}],"version-history":[{"count":1,"href":"https:\/\/colimdo.org\/wp-api\/wp\/v2\/posts\/60893\/revisions"}],"predecessor-version":[{"id":60895,"href":"https:\/\/colimdo.org\/wp-api\/wp\/v2\/posts\/60893\/revisions\/60895"}],"wp:featuredmedia":[{"embeddable":true,"href":"https:\/\/colimdo.org\/wp-api\/wp\/v2\/media\/60894"}],"wp:attachment":[{"href":"https:\/\/colimdo.org\/wp-api\/wp\/v2\/media?parent=60893"}],"wp:term":[{"taxonomy":"category","embeddable":true,"href":"https:\/\/colimdo.org\/wp-api\/wp\/v2\/categories?post=60893"},{"taxonomy":"post_tag","embeddable":true,"href":"https:\/\/colimdo.org\/wp-api\/wp\/v2\/tags?post=60893"}],"curies":[{"name":"wp","href":"https:\/\/api.w.org\/{rel}","templated":true}]}}