{"id":60905,"date":"2019-09-16T19:32:59","date_gmt":"2019-09-16T19:32:59","guid":{"rendered":"https:\/\/colimdo.org\/?p=60905"},"modified":"2019-09-16T19:32:59","modified_gmt":"2019-09-16T19:32:59","slug":"cod-federaciones-deportivas-analizan-problematicas-del-deporte","status":"publish","type":"post","link":"https:\/\/colimdo.org\/noticias\/cod-federaciones-deportivas-analizan-problematicas-del-deporte\/","title":{"rendered":"COD y federaciones deportivas analizan problem\u00e1ticas del deporte"},"content":{"rendered":"<p><strong>SANTO DOMINGO.<\/strong> El Comit\u00e9 Ol\u00edmpico Dominicano (COD) y las federaciones deportivas nacionales acordaron este lunes hacer frente a las distintas problem\u00e1ticas por las que atraviesa el deporte en el pa\u00eds.<\/p>\n<p>La conclusi\u00f3n fue el resultado de la discusi\u00f3n franca y abierta que tuvo la dirigencia deportiva en el XII Conversatorio Federativo celebrado en el Sal\u00f3n de Conferencias Juan Ulises Garc\u00eda Saleta del COD.<\/p>\n<p>Los federados plantearon en\u00e9rgicamente el c\u00famulo de deudas que tienen registradas en base a la aplicaci\u00f3n del modelo de entrega de recursos, el cual, seg\u00fan afirmaron, debe ser revisado y cambiado.<\/p>\n<p>Indicaron que requieren ser escuchados por el ministro de Deportes, Danilo D\u00edaz Vizca\u00edno, para buscar una soluci\u00f3n a la calamitosa situaci\u00f3n por la que atraviesan.<\/p>\n<p>\u201cHemos pasado un balance riguroso a la situaci\u00f3n de las instalaciones deportivas, programa Parni, entrenadores y monitores, as\u00ed como el tema de los recursos y los eventos por venir, incluido el compromiso de Tokio 2020, y una serie de necesidades que se presentan en el diario vivir de las federaciones\u201d, indic\u00f3 Luis Mej\u00eda Oviedo, presidente del COD, tras la conclusi\u00f3n del concurrido encuentro.<\/p>\n<p>Adem\u00e1s, se incluy\u00f3 entre los puntos, hacer una revisi\u00f3n de la situaci\u00f3n del deporte en las provincias y ser exponente de la problem\u00e1tica que se presenta en cada una de las \u00e1reas.<\/p>\n<p>Tras lo antes expuesto, el pleno participante en el Conversatorio Federativo entendi\u00f3 que amerita sentarse de manera franca y abierta con el ministro de Deportes, licenciado Danilo D\u00edaz Vizca\u00edno, para buscarle soluci\u00f3n a cada uno de los problemas.<\/p>\n<p>Por tal motivo, los federados y el COD solicitaron formalmente en el XIII Conversatorio Federativo, a celebrarse en una fecha por definir, la presencia del ministro deportivo Danilo D\u00edaz, a quien le har\u00e1n llegar un documento con cada una de las necesidades, problemas, situaciones y logros que se han alcanzado.<\/p>\n<p>Buen momento del deporte<\/p>\n<p>El Conversatorio Federativo reconoci\u00f3 que el deporte pasa por un buen momento, as\u00ed como los resultados obtenidos en los pasados XVIII Juegos Panamericanos en Lima, Per\u00fa.<\/p>\n<p>\u201cHemos reconocido el buen momento que vive el deporte, reconocemos el gran momento que se vive hoy d\u00eda fruto del gran esfuerzo de todos, pero al mismo tiempo entendemos la necesidad de revisar varios puntos que nos preocupa\u201d, se\u00f1ala el informe final del encuentro a trav\u00e9s de una nota del departamento de prensa del COD.<\/p>\n<p>El presidente del COD tambi\u00e9n record\u00f3 a las federaciones deportivas la necesidad del buen ejercicio de la gobernanza y la liquidaci\u00f3n de todos los recursos.<\/p>\n<p>\u201cNos hemos pasado balanza por dentro y hemos considerado prudente que cada uno de nosotros rinda los informes correspondientes\u201d, agreg\u00f3 Mej\u00eda, quien agreg\u00f3: \u201cEn momentos en que se celebra la victoria son los momentos de planificar el futuro, y es lo que pretendemos analizar con el ministro de Deportes como una forma de ver algunas pendientes de problemas que se siguen presentando\u201d.<\/p>\n","protected":false},"excerpt":{"rendered":"<p>La conclusi\u00f3n fue el resultado de la discusi\u00f3n franca y abierta que tuvo la dirigencia deportiva en el XII Conversatorio Federativo celebrado en el Sal\u00f3n de Conferencias Juan Ulises Garc\u00eda Saleta del COD.<\/p>\n","protected":false},"author":19,"featured_media":60908,"comment_status":"closed","ping_status":"closed","sticky":false,"template":"","format":"standard","meta":[],"categories":[2,60],"tags":[],"acf":[],"_links":{"self":[{"href":"https:\/\/colimdo.org\/wp-api\/wp\/v2\/posts\/60905"}],"collection":[{"href":"https:\/\/colimdo.org\/wp-api\/wp\/v2\/posts"}],"about":[{"href":"https:\/\/colimdo.org\/wp-api\/wp\/v2\/types\/post"}],"author":[{"embeddable":true,"href":"https:\/\/colimdo.org\/wp-api\/wp\/v2\/users\/19"}],"replies":[{"embeddable":true,"href":"https:\/\/colimdo.org\/wp-api\/wp\/v2\/comments?post=60905"}],"version-history":[{"count":1,"href":"https:\/\/colimdo.org\/wp-api\/wp\/v2\/posts\/60905\/revisions"}],"predecessor-version":[{"id":60909,"href":"https:\/\/colimdo.org\/wp-api\/wp\/v2\/posts\/60905\/revisions\/60909"}],"wp:featuredmedia":[{"embeddable":true,"href":"https:\/\/colimdo.org\/wp-api\/wp\/v2\/media\/60908"}],"wp:attachment":[{"href":"https:\/\/colimdo.org\/wp-api\/wp\/v2\/media?parent=60905"}],"wp:term":[{"taxonomy":"category","embeddable":true,"href":"https:\/\/colimdo.org\/wp-api\/wp\/v2\/categories?post=60905"},{"taxonomy":"post_tag","embeddable":true,"href":"https:\/\/colimdo.org\/wp-api\/wp\/v2\/tags?post=60905"}],"curies":[{"name":"wp","href":"https:\/\/api.w.org\/{rel}","templated":true}]}}