{"id":60930,"date":"2019-09-17T15:53:32","date_gmt":"2019-09-17T15:53:32","guid":{"rendered":"https:\/\/colimdo.org\/?p=60930"},"modified":"2019-09-17T15:56:34","modified_gmt":"2019-09-17T15:56:34","slug":"torneo-internacional-tenis-copa-casa-campo-inicia-jueves","status":"publish","type":"post","link":"https:\/\/colimdo.org\/noticias\/torneo-internacional-tenis-copa-casa-campo-inicia-jueves\/","title":{"rendered":"Torneo Internacional de Tenis Copa Casa de Campo dar\u00e1 apertura el jueves"},"content":{"rendered":"<p>EL NUEVO DIARIO, LA ROMANA. \u2013El XLII Torneo Internacional de Tenis Copa Casa de Campo ser\u00e1 celebrado del 19 al 22 de septiembre en el Centro de Tenis La Terraza, de Casa de Campo Resort &amp; Villas, de esta ciudad.<\/p>\n<p>El certamen debi\u00f3 efectuarse del 29 de agosto al 1 de septiembre, pero fue pospuesto como medida preventiva ante la posibilidad de que el pa\u00eds fuera afectado por la tormenta tropical Dorian.<\/p>\n<p>Mat\u00edas Territoriale, director del evento, anunci\u00f3 que est\u00e1 confirmada la participaci\u00f3n de 150 jugadores en la justa, en representaci\u00f3n de 10 naciones, incluyendo Rep\u00fablica Dominicana.<\/p>\n<p>Territoriale, quien adem\u00e1s es el director de Tenis de Casa de Campo Resort &amp; Villas destac\u00f3 que se ha cumplido con los aprestos organizativos con miras a la celebraci\u00f3n del tradicional certamen y que se espera que la justa sea un \u00e9xito.<\/p>\n<p>\u201cEl Comit\u00e9 Organizador ha trabajado arduamente, por lo que todo est\u00e1 a punto para la puesta en marcha del torneo\u201d, destac\u00f3 Territoriale,<\/p>\n<p>Resalt\u00f3 que \u201ccomo en cada edici\u00f3n, no hemos escatimado esfuerzos para que el evento se celebre con la mayor brillantez posible\u201d.<\/p>\n<p>La justa cuenta con el patrocinio del Central Romana Corporation, Casa de Campo Resort &amp; Villas, Scotiabank, American Express del Banco del Progreso y HSS Hospital.<\/p>\n<p>Tambi\u00e9n auspician el evento, productos Higueral, cerveza Presidente, Brugal, Prince, vodka Grey Goose, Powerade y agua Dasani.<\/p>\n<p>El torneo fue fundado por el empresario \u00edtalo-dominicano Vincenzo Mastrolilli en 1978 con el nombre de Copa Siboney y desde entonces se ha mantenido como uno de los principales eventos del tenis dominicano, gracias al respaldo del Central Romana Corporation, y Casa de Campo Resort &amp; Villas.<\/p>\n<p>Teritoriale precis\u00f3 que los 150 jugadores que ya se han inscrito para participar en la justa proceden de Puerto Rico, Venezuela, M\u00e9xico, Estados Unidos, Argentina, Colombia, Italia y Espa\u00f1a, adem\u00e1s de Rep\u00fablica Dominicana. Se espera que antes de inaugurarse el torneo el pr\u00f3ximo jueves, el n\u00famero de competidores sobre pase los 200.<\/p>\n<p>Los primeros partidos de sencillos comenzar\u00e1n a jugarse a las 9:00 de la ma\u00f1ana del jueves 19 de septiembre y la inauguraci\u00f3n oficial est\u00e1 pautada para las 6:00 de la tarde de ese d\u00eda.<\/p>\n<p>Viernes y s\u00e1bado continuar\u00e1n los encuentros de sencillos y se iniciar\u00e1n los juegos de dobles, celebr\u00e1ndose el domingo 22, a partir de las 9:00 de la ma\u00f1ana, las finales en ambas modalidades.<\/p>\n<p>La ceremonia de premiaci\u00f3n y clausura del certamen se realizar\u00e1 ese domingo, iniciando a las 2:00 de la tarde.<\/p>\n<p>Se ha anunciado tambi\u00e9n un c\u00f3ctel y fiesta bailable el s\u00e1bado en la noche, cuyo costo est\u00e1 incluido en la inscripci\u00f3n del torneo.<\/p>\n","protected":false},"excerpt":{"rendered":"<p>El certamen debi\u00f3 efectuarse del 29 de agosto al 1 de septiembre, pero fue pospuesto como medida preventiva ante la posibilidad de que el pa\u00eds fuera afectado por la tormenta tropical Dorian.<\/p>\n","protected":false},"author":19,"featured_media":60931,"comment_status":"closed","ping_status":"closed","sticky":false,"template":"","format":"standard","meta":[],"categories":[2,60],"tags":[],"acf":[],"_links":{"self":[{"href":"https:\/\/colimdo.org\/wp-api\/wp\/v2\/posts\/60930"}],"collection":[{"href":"https:\/\/colimdo.org\/wp-api\/wp\/v2\/posts"}],"about":[{"href":"https:\/\/colimdo.org\/wp-api\/wp\/v2\/types\/post"}],"author":[{"embeddable":true,"href":"https:\/\/colimdo.org\/wp-api\/wp\/v2\/users\/19"}],"replies":[{"embeddable":true,"href":"https:\/\/colimdo.org\/wp-api\/wp\/v2\/comments?post=60930"}],"version-history":[{"count":2,"href":"https:\/\/colimdo.org\/wp-api\/wp\/v2\/posts\/60930\/revisions"}],"predecessor-version":[{"id":60934,"href":"https:\/\/colimdo.org\/wp-api\/wp\/v2\/posts\/60930\/revisions\/60934"}],"wp:featuredmedia":[{"embeddable":true,"href":"https:\/\/colimdo.org\/wp-api\/wp\/v2\/media\/60931"}],"wp:attachment":[{"href":"https:\/\/colimdo.org\/wp-api\/wp\/v2\/media?parent=60930"}],"wp:term":[{"taxonomy":"category","embeddable":true,"href":"https:\/\/colimdo.org\/wp-api\/wp\/v2\/categories?post=60930"},{"taxonomy":"post_tag","embeddable":true,"href":"https:\/\/colimdo.org\/wp-api\/wp\/v2\/tags?post=60930"}],"curies":[{"name":"wp","href":"https:\/\/api.w.org\/{rel}","templated":true}]}}