{"id":60949,"date":"2019-09-17T17:35:15","date_gmt":"2019-09-17T17:35:15","guid":{"rendered":"https:\/\/colimdo.org\/?p=60949"},"modified":"2019-09-17T17:35:15","modified_gmt":"2019-09-17T17:35:15","slug":"toros-del-este-anuncian-contratacion-jardinero-receptor","status":"publish","type":"post","link":"https:\/\/colimdo.org\/noticias\/toros-del-este-anuncian-contratacion-jardinero-receptor\/","title":{"rendered":"Toros del Este anuncian contrataci\u00f3n de jardinero y receptor"},"content":{"rendered":"<p>EL NUEVO DIARIO, SANTO DOMINGO.- El gerente general de los Toros del Este, Raymond Abreu, anunci\u00f3 la contrataci\u00f3n del jardinero Dairon Blanco as\u00ed como del receptor Michael P\u00e9rez, quienes estar\u00e1n con el equipo desde el primer d\u00eda.<\/p>\n<p>Un comunicado del equipo Michael P\u00e9rez es un receptor de Puerto Rico que batea a la zurda y con experiencia de Grandes Ligas, debut\u00f3 la temporada pasada con los Rays de Tampa y en este momento se encuentra en el equipo grande. En 57 partidos en las menores, 54 de ellos en AAA, el boricua bate\u00f3 .259 con 13 cuadrangulares y 43 remolcadas en 57 partidos, con un OBP de .347.<\/p>\n<p>Con los Rays ha visto acci\u00f3n en 19 encuentros, promedia .233 con un porcentaje de embasarse de .340.<\/p>\n<p>\u201cP\u00e9rez es un gran receptor defensivo, tiene un buen brazo y tambi\u00e9n puede hacer da\u00f1o con el bate pues tiene poder de extrabases,\u201d dijo Raymond Abreu. \u201cNos dar\u00e1 gran fortaleza en la l\u00ednea central durante la primera mitad de temporada,\u201d dijo el ejecutivo sobre el receptor.<\/p>\n<p>Blanco, nativo de Cuba, inici\u00f3 la temporada en el equipo AA de los Atl\u00e9ticos de Oakland donde promedi\u00f3 .276 con un porcentaje de embasarse de .342, siete cuadrangulares y 44 remolcadas en 78 partidos.<\/p>\n<p>A mediados de campa\u00f1a el jardinero de 26 a\u00f1os fue cambiado a los Reales de Kansas y entre ambos conjuntos el jardinero promedi\u00f3. 262 con 33 bases robadas y 67 carreras anotadas.<\/p>\n<p>En el pasado invierno el bateador derecho reforz\u00f3 a los Criollos de Caguas y bate\u00f3 .314 en Puerto Rico, con 6 bases robadas y un OBP de .404 y con los Toros tiene permiso para jugar toda la temporada.<\/p>\n<p>\u201cDairon es un veloz jardinero que se adecuar\u00e1 mucho al juego r\u00e1pido de los Toros. Su velocidad ser\u00e1 de impacto no solo en las bases sino tambi\u00e9n a la defensa en los jardines, donde ayudar\u00e1 a la prevenci\u00f3n de carreras,\u201d dijo Abreu sobre el jardinero.<\/p>\n<p>Estas contrataciones se suman a las previamente anunciadas del inicialista y jardinero Peter O\u2019Brien y de los lanzadores Touki Toussaint, Carlos Hern\u00e1ndez , Tim Peterson, Anthony Carter y Jorge Mart\u00ednez.<\/p>\n<p>Toussaint, Hern\u00e1ndez, Mart\u00ednez y Ra\u00fal Vald\u00e9s ser\u00e1n parte de la rotaci\u00f3n abridora taurina.<\/p>\n<p>Los entrenamientos de los Toros del Este est\u00e1n pautados para iniciar el pr\u00f3ximo lunes 23 de septiembre y todos los jugadores est\u00e1n convocados, incluyendo los seleccionados en el Draft de Novatos LIDOM de este a\u00f1o.<\/p>\n","protected":false},"excerpt":{"rendered":"<p>El gerente general de los Toros del Este, Raymond Abreu, anunci\u00f3 la contrataci\u00f3n del jardinero Dairon Blanco as\u00ed como del receptor Michael P\u00e9rez, quienes estar\u00e1n con el equipo desde el primer d\u00eda.<\/p>\n","protected":false},"author":19,"featured_media":60950,"comment_status":"closed","ping_status":"closed","sticky":false,"template":"","format":"standard","meta":[],"categories":[2,60],"tags":[],"acf":[],"_links":{"self":[{"href":"https:\/\/colimdo.org\/wp-api\/wp\/v2\/posts\/60949"}],"collection":[{"href":"https:\/\/colimdo.org\/wp-api\/wp\/v2\/posts"}],"about":[{"href":"https:\/\/colimdo.org\/wp-api\/wp\/v2\/types\/post"}],"author":[{"embeddable":true,"href":"https:\/\/colimdo.org\/wp-api\/wp\/v2\/users\/19"}],"replies":[{"embeddable":true,"href":"https:\/\/colimdo.org\/wp-api\/wp\/v2\/comments?post=60949"}],"version-history":[{"count":1,"href":"https:\/\/colimdo.org\/wp-api\/wp\/v2\/posts\/60949\/revisions"}],"predecessor-version":[{"id":60951,"href":"https:\/\/colimdo.org\/wp-api\/wp\/v2\/posts\/60949\/revisions\/60951"}],"wp:featuredmedia":[{"embeddable":true,"href":"https:\/\/colimdo.org\/wp-api\/wp\/v2\/media\/60950"}],"wp:attachment":[{"href":"https:\/\/colimdo.org\/wp-api\/wp\/v2\/media?parent=60949"}],"wp:term":[{"taxonomy":"category","embeddable":true,"href":"https:\/\/colimdo.org\/wp-api\/wp\/v2\/categories?post=60949"},{"taxonomy":"post_tag","embeddable":true,"href":"https:\/\/colimdo.org\/wp-api\/wp\/v2\/tags?post=60949"}],"curies":[{"name":"wp","href":"https:\/\/api.w.org\/{rel}","templated":true}]}}