{"id":60952,"date":"2019-09-17T19:05:23","date_gmt":"2019-09-17T19:05:23","guid":{"rendered":"https:\/\/colimdo.org\/?p=60952"},"modified":"2019-09-17T19:05:23","modified_gmt":"2019-09-17T19:05:23","slug":"federer-del-potro-jugaran-una-exhibicion-argentina-20-noviembre","status":"publish","type":"post","link":"https:\/\/colimdo.org\/noticias\/federer-del-potro-jugaran-una-exhibicion-argentina-20-noviembre\/","title":{"rendered":"Federer y Del Potro jugar\u00e1n una exhibici\u00f3n en Argentina el 20 de noviembre"},"content":{"rendered":"<p>EL NUEVO DIARIO, BUENOS AIRES.- El tenista suizo Roger Federer, n\u00famero 3 del mundo, y el argentino Juan Mart\u00edn del Potro, n\u00famero 72, se enfrentar\u00e1n en un partido amistoso en Buenos Aires el 20 de noviembre.<\/p>\n<p>La visita de Federer al pa\u00eds austral estaba confirmada, pero faltaba conocer el rival, la locaci\u00f3n y la fecha exacta del partido exhibici\u00f3n.<\/p>\n<p>\u201cQuer\u00eda decirles que estoy muy emocionado por volver a Argentina, Buenos Aires, para jugar con mi buen amigo y leyenda Juan Mart\u00edn del Potro el 20 de noviembre en Parque Roca. Espero verlos a todos ah\u00ed\u201d, dijo este martes el suizo campe\u00f3n de 20 Grand Slam en un v\u00eddeo.<\/p>\n<p>Pocos minutos despu\u00e9s, Del Potro public\u00f3 un mensaje similar.<\/p>\n<p>\u201cQuer\u00eda contarles una noticia muy linda, que voy a volver a jugar en Argentina y voy a jugar nada m\u00e1s y nada menos que con uno de los mejores tenistas de la historia: mi amigo Roger Federer\u201d, dijo \u2018La Torre de Tandil\u2019.<\/p>\n<p>El argentino de 30 a\u00f1os, campe\u00f3n del Abierto de los Estados Unidos de 2009, campe\u00f3n de la Copa Davis de 2016 y doble medallista ol\u00edmpico, asegur\u00f3 que har\u00e1n \u201cun gran partido\u201d.<\/p>\n<p>Del Potro y Federer jugaron dos partidos exhibici\u00f3n en Argentina en diciembre de 2012. Los aficionados argentinos llenaron las gradas para ver al exn\u00famero 1 del mundo, que gan\u00f3 entonces los dos encuentros.<\/p>\n","protected":false},"excerpt":{"rendered":"<p>La visita de Federer al pa\u00eds austral estaba confirmada, pero faltaba conocer el rival, la locaci\u00f3n y la fecha exacta del partido exhibici\u00f3n.<\/p>\n","protected":false},"author":19,"featured_media":60953,"comment_status":"closed","ping_status":"closed","sticky":false,"template":"","format":"standard","meta":[],"categories":[2,60],"tags":[],"acf":[],"_links":{"self":[{"href":"https:\/\/colimdo.org\/wp-api\/wp\/v2\/posts\/60952"}],"collection":[{"href":"https:\/\/colimdo.org\/wp-api\/wp\/v2\/posts"}],"about":[{"href":"https:\/\/colimdo.org\/wp-api\/wp\/v2\/types\/post"}],"author":[{"embeddable":true,"href":"https:\/\/colimdo.org\/wp-api\/wp\/v2\/users\/19"}],"replies":[{"embeddable":true,"href":"https:\/\/colimdo.org\/wp-api\/wp\/v2\/comments?post=60952"}],"version-history":[{"count":1,"href":"https:\/\/colimdo.org\/wp-api\/wp\/v2\/posts\/60952\/revisions"}],"predecessor-version":[{"id":60954,"href":"https:\/\/colimdo.org\/wp-api\/wp\/v2\/posts\/60952\/revisions\/60954"}],"wp:featuredmedia":[{"embeddable":true,"href":"https:\/\/colimdo.org\/wp-api\/wp\/v2\/media\/60953"}],"wp:attachment":[{"href":"https:\/\/colimdo.org\/wp-api\/wp\/v2\/media?parent=60952"}],"wp:term":[{"taxonomy":"category","embeddable":true,"href":"https:\/\/colimdo.org\/wp-api\/wp\/v2\/categories?post=60952"},{"taxonomy":"post_tag","embeddable":true,"href":"https:\/\/colimdo.org\/wp-api\/wp\/v2\/tags?post=60952"}],"curies":[{"name":"wp","href":"https:\/\/api.w.org\/{rel}","templated":true}]}}