{"id":60955,"date":"2019-09-17T19:18:25","date_gmt":"2019-09-17T19:18:25","guid":{"rendered":"https:\/\/colimdo.org\/?p=60955"},"modified":"2019-09-17T19:18:25","modified_gmt":"2019-09-17T19:18:25","slug":"david-ortiz-pense-no-iba-capaz-estar-donde-estoy-ahora","status":"publish","type":"post","link":"https:\/\/colimdo.org\/noticias\/david-ortiz-pense-no-iba-capaz-estar-donde-estoy-ahora\/","title":{"rendered":"David Ortiz: \u201cPens\u00e9 que no iba a ser capaz de estar donde estoy ahora\u201d"},"content":{"rendered":"<p>EL CARIBE, MLB.-\u00a0Mientras David Ortiz conversaba la tarde de ayer con dos reporteros que cubrieron toda su carrera con los Medias Rojas, parec\u00eda el &#8220;Big Papi&#8221; de siempre.<\/p>\n<p>Se mov\u00eda libre de dolor. Sonre\u00eda con facilidad. Se comunicaba con libertad incluso despu\u00e9s de abarcar el tema de la terrible experiencia que vivi\u00f3 hace poco m\u00e1s de tres meses. Lo anterior es noticia, porque de ninguna manera describe c\u00f3mo se ve\u00eda o se sent\u00eda Ortiz hace unas pocas semanas.<\/p>\n<p>Ortiz temi\u00f3 por su vida, y tambi\u00e9n por su calidad de vida, cuando los m\u00e9dicos en el \u201cMassachusetts General Hospital\u201d le practicaron una tercera cirug\u00eda a principios de julio como resultado de complicaciones producto de la herida de bala que sufri\u00f3 en la Rep\u00fablica Dominicana el 9 de junio.<\/p>\n<p>\u201cPens\u00e9 que no iba a ser capaz de estar donde estoy ahora mismo y vivir una vida normal, \u00bfsaben? En alg\u00fan momento empec\u00e9 a perder la esperanza\u201d, dijo Ortiz, alguien que siempre se ha manejado sin miedo, bien sea en el terreno de juego, en p\u00fablico o con su familia.<\/p>\n<p>La primera cirug\u00eda fue practicada en la Rep\u00fablica Dominicana horas despu\u00e9s de la baleada, un episodio del que Ortiz todav\u00eda no tiene explicaci\u00f3n. Los m\u00e9dicos le operaron los intestinos y el h\u00edgado, y tuvieron que removerle la ves\u00edcula.<\/p>\n<p>La segunda operaci\u00f3n fue justo despu\u00e9s de que Ortiz fuera trasladado de Dominicana a Boston, y el objetivo era asegurarse de que la primera cirug\u00eda se hab\u00eda hecho correctamente, lo que en efecto fue as\u00ed. Pero a medida que pasaban las semanas, Ortiz no terminaba de mejorar. No pod\u00eda comer ni beber sin ayuda. Los m\u00e9dicos finalmente se dieron cuenta del porqu\u00e9 Big Papi no estaba recuper\u00e1ndose. En las horas posteriores a la primera cirug\u00eda, las cosas se estaban moviendo tan r\u00e1pido y Ortiz estaba tan mal que no pod\u00eda comprender totalmente qu\u00e9 le estaba pasando. Pero todo el proceso alrededor de la tercera cirug\u00eda fue estremecedor para \u00e9l.<\/p>\n<p>\u201cAhora s\u00e9 con qu\u00e9 estoy lidiando\u201d, record\u00f3 Ortiz. \u201cAhora s\u00e9 d\u00f3nde me hicieron da\u00f1o y que esas partes no est\u00e1n funcionando como esperan los doctores. Empezaron a hablar de una tercera cirug\u00eda. Cuando empec\u00e9 a o\u00edr eso\u2026 uno se asusta porque no sabe si va a sobrevivir. Pero sobreviv\u00ed y lo que me preocup\u00f3 despu\u00e9s era, \u2018\u00bfC\u00f3mo voy a quedar despu\u00e9s de todo esto?\u2019 Ah\u00ed es cuando te empiezas a preocupar por todo\u201d.<\/p>\n<p>Lo impactante para Ortiz sobre la noche en la que fue baleado es que el d\u00eda empez\u00f3 de la manera m\u00e1s inocente. \u201cYo lo que recuerdo es que hab\u00eda tenido un d\u00eda bell\u00edsimo con mis ni\u00f1os\u201d, record\u00f3 Ortiz. \u201cParece m\u00e1s algo de haber estado en el lugar equivocado a la hora equivocada\u201d.<\/p>\n<p>David quiere llegar al fondo de todo<\/p>\n<p>Si hay algo que molesta a Ortiz es que todav\u00eda no tiene idea de por qu\u00e9 alguien le dispar\u00f3. Ciertamente ha habido rumores, que Ortiz niega completamente. \u201cHubo muchos rumores por ah\u00ed. Pero como les dije, Dominicana es un pa\u00eds donde las redes sociales te informan de cierta manera, porque no hay consecuencias\u201d, dijo Ortiz. \u201cHay gente que sali\u00f3 con cosas que no eran verdad, s\u00f3lo porque quer\u00edan m\u00e1s seguidores o likes\u201d.<\/p>\n","protected":false},"excerpt":{"rendered":"<p>\u201cPens\u00e9 que no iba a ser capaz de estar donde estoy ahora mismo y vivir una vida normal, \u00bfsaben? En alg\u00fan momento empec\u00e9 a perder la esperanza\u201d, dijo Ortiz.<\/p>\n","protected":false},"author":19,"featured_media":60956,"comment_status":"closed","ping_status":"closed","sticky":false,"template":"","format":"standard","meta":[],"categories":[2,60],"tags":[],"acf":[],"_links":{"self":[{"href":"https:\/\/colimdo.org\/wp-api\/wp\/v2\/posts\/60955"}],"collection":[{"href":"https:\/\/colimdo.org\/wp-api\/wp\/v2\/posts"}],"about":[{"href":"https:\/\/colimdo.org\/wp-api\/wp\/v2\/types\/post"}],"author":[{"embeddable":true,"href":"https:\/\/colimdo.org\/wp-api\/wp\/v2\/users\/19"}],"replies":[{"embeddable":true,"href":"https:\/\/colimdo.org\/wp-api\/wp\/v2\/comments?post=60955"}],"version-history":[{"count":1,"href":"https:\/\/colimdo.org\/wp-api\/wp\/v2\/posts\/60955\/revisions"}],"predecessor-version":[{"id":60957,"href":"https:\/\/colimdo.org\/wp-api\/wp\/v2\/posts\/60955\/revisions\/60957"}],"wp:featuredmedia":[{"embeddable":true,"href":"https:\/\/colimdo.org\/wp-api\/wp\/v2\/media\/60956"}],"wp:attachment":[{"href":"https:\/\/colimdo.org\/wp-api\/wp\/v2\/media?parent=60955"}],"wp:term":[{"taxonomy":"category","embeddable":true,"href":"https:\/\/colimdo.org\/wp-api\/wp\/v2\/categories?post=60955"},{"taxonomy":"post_tag","embeddable":true,"href":"https:\/\/colimdo.org\/wp-api\/wp\/v2\/tags?post=60955"}],"curies":[{"name":"wp","href":"https:\/\/api.w.org\/{rel}","templated":true}]}}