{"id":60988,"date":"2019-09-18T15:07:28","date_gmt":"2019-09-18T15:07:28","guid":{"rendered":"https:\/\/colimdo.org\/?p=60988"},"modified":"2019-09-18T15:07:57","modified_gmt":"2019-09-18T15:07:57","slug":"dellin-betances-sufre-desgarre-resto-del-ano-2","status":"publish","type":"post","link":"https:\/\/colimdo.org\/noticias\/dellin-betances-sufre-desgarre-resto-del-ano-2\/","title":{"rendered":"Dellin Betances sufre desgarre; no volver\u00e1 a lanzar el resto del a\u00f1o"},"content":{"rendered":"<p>EL NUEVO DIARIO, NEW YORK.- El relevista derecho de los Yankees, Dellin Betances, no volver\u00e1 a lanzar esta temporada luego de ser diagnosticado con un desgarre parcial del tend\u00f3n de Aquiles del pie izquierdo.<\/p>\n<p>El capataz Aaron Boone indic\u00f3 que Betances pis\u00f3 mal en la lomita el domingo. El diestro someti\u00f3 a pruebas el martes y aunque ahora mismo no se le ha recomendado que se opere, tampoco ha sido descartado.<\/p>\n<p>Betances hizo su debut de temporada el domingo luego de perderse la mayor parte de la temporada por lesiones en el hombro de lanzar y en un m\u00fasculo lateral.<\/p>\n","protected":false},"excerpt":{"rendered":"<p>El capataz Aaron Boone indic\u00f3 que Betances pis\u00f3 mal en la lomita el domingo. El diestro someti\u00f3 a pruebas el martes y aunque ahora mismo no se le ha recomendado que se opere, tampoco ha sido descartado.<\/p>\n","protected":false},"author":19,"featured_media":60989,"comment_status":"closed","ping_status":"closed","sticky":false,"template":"","format":"standard","meta":[],"categories":[2,60],"tags":[],"acf":[],"_links":{"self":[{"href":"https:\/\/colimdo.org\/wp-api\/wp\/v2\/posts\/60988"}],"collection":[{"href":"https:\/\/colimdo.org\/wp-api\/wp\/v2\/posts"}],"about":[{"href":"https:\/\/colimdo.org\/wp-api\/wp\/v2\/types\/post"}],"author":[{"embeddable":true,"href":"https:\/\/colimdo.org\/wp-api\/wp\/v2\/users\/19"}],"replies":[{"embeddable":true,"href":"https:\/\/colimdo.org\/wp-api\/wp\/v2\/comments?post=60988"}],"version-history":[{"count":2,"href":"https:\/\/colimdo.org\/wp-api\/wp\/v2\/posts\/60988\/revisions"}],"predecessor-version":[{"id":60991,"href":"https:\/\/colimdo.org\/wp-api\/wp\/v2\/posts\/60988\/revisions\/60991"}],"wp:featuredmedia":[{"embeddable":true,"href":"https:\/\/colimdo.org\/wp-api\/wp\/v2\/media\/60989"}],"wp:attachment":[{"href":"https:\/\/colimdo.org\/wp-api\/wp\/v2\/media?parent=60988"}],"wp:term":[{"taxonomy":"category","embeddable":true,"href":"https:\/\/colimdo.org\/wp-api\/wp\/v2\/categories?post=60988"},{"taxonomy":"post_tag","embeddable":true,"href":"https:\/\/colimdo.org\/wp-api\/wp\/v2\/tags?post=60988"}],"curies":[{"name":"wp","href":"https:\/\/api.w.org\/{rel}","templated":true}]}}