{"id":60998,"date":"2019-09-18T17:33:55","date_gmt":"2019-09-18T17:33:55","guid":{"rendered":"https:\/\/colimdo.org\/?p=60998"},"modified":"2019-09-18T17:33:55","modified_gmt":"2019-09-18T17:33:55","slug":"aguilas-convocan-74-lanzadores-5-receptores-este-jueves","status":"publish","type":"post","link":"https:\/\/colimdo.org\/noticias\/aguilas-convocan-74-lanzadores-5-receptores-este-jueves\/","title":{"rendered":"\u00c1guilas convocan 74 lanzadores y 5 receptores para este jueves"},"content":{"rendered":"<p>SANTIAGO. &#8211; Las \u00c1guilas Cibae\u00f1as han convocado a un batall\u00f3n de 74 lanzadores y cinco receptores, para la apertura de su campo de entrenamientos este jueves a las 9:00 de la ma\u00f1ana en el estadio Cibao.<\/p>\n<p>De los lanzadores llamados figuran 56 derechos y 18 zurdos, que dan un amplio abanico a los adiestradores que encabeza el venezolano Denier Orozco, quien estar\u00e1 acompa\u00f1ado por Fernando Hern\u00e1ndez y Wilton Ch\u00e1vez, en el manejo del pitcheo amarillo.<\/p>\n<p>Los c\u00e1tchers que han sido llamados son el santiagu\u00e9s Francisco Pe\u00f1a y los nativos de Bonao, Wil\u00edn Rosario, Pedro Severino, Deivi Grull\u00f3n y Rafel\u00edn Lorenzo.<\/p>\n<p>El gerente general de las \u00c1guilas, \u00c1ngel Ovalles adelant\u00f3 que varios jugadores de posici\u00f3n le han manifestado que adelantar\u00e1n su entrada y que entrenar\u00e1n este jueves en el primer llamado. Los peloteros de posici\u00f3n han sido convocados para el lunes 23.<\/p>\n<p>Entre los lanzadores llamados a entrenar figuran, Hu\u00e1scar y Michael Inoa, Esmerling V\u00e1squez, Daury Torrez, Williams Ram\u00edrez, F\u00e9lix Paulino, F\u00e9lix Jorge, Yohan Ram\u00edrez, Scarlyn Reyes, Yoel Espinal, Roberto G\u00f3mez y Nelson Gonz\u00e1lez.<\/p>\n<p>Otros brazos amarillos son, Jonathan (El Cuchillito) Hern\u00e1ndez, Juli\u00e1n Fern\u00e1ndez, Carlos Herrera, Emerson Jim\u00e9nez, Salvador Justo, Omarlin L\u00f3pez, Joan Mart\u00ednez, Juan Mota, Jos\u00e9 N\u00edn, Malvin Pe\u00f1a, Eduard Reyes, \u00c1ngel Rond\u00f3n, Emilio Vargas, Gabriel Valdez, Leonardo Taveras, Ram\u00f3n Ross\u00f3 y el estelar Richelson Pe\u00f1a.<\/p>\n<p>El listado continuo con el santiaguero Dar\u00edo \u00c1lvarez (invitado), Carlos D\u00edaz, Eusebio Breiling, Anthony Fern\u00e1ndez, Pedro Figueroa, Juan Grull\u00f3n, Juan Mart\u00ednez, Jordan Armengot, Jhordany Mezquita, Wandy Peralta, Wandy Rodr\u00edguez, Cesilio Pimentel, Manuel Silva, Franklyn Soriano, Gregory Soto, Bryan Valdez y H\u00e9ctor Yan, todos tiradores zurdos.<\/p>\n<p>Adem\u00e1s, Pedro Araujo, Joan B\u00e1ez, Ranfi Casimiro, Daison Acosta, Jos\u00e9 Adames, Joan Ad\u00f3n, Jorge Alcal\u00e1, Osvaldo Bid\u00f3, Ra\u00fal Brito, Luis F. Castillo, Abel De los Santos, Juan De Paula, Marcos Dipl\u00e1n y Jos\u00e9 Dom\u00ednguez quien lleg\u00f3 en un cambio.<\/p>\n<p>En Grandes Ligas se encuentran, Luis Severino, Jos\u00e9 Ure\u00f1a, Dinelson Lamet, Yimi Garc\u00eda, Richard Rodr\u00edguez, Dellin Betances, Juan Nicasio, Carlos Mart\u00ednez y Framber Valdez.<\/p>\n<p>Entre los serpentineros figura Bartolo Col\u00f3n, el latino con m\u00e1s victorias en Grandes Ligas, quien estuvo inactivo este verano, pero que ha sido visto trabajando y lanzando intercambios.<\/p>\n<p>En una situaci\u00f3n similar est\u00e1 el veterano Joaqu\u00edn Benoit, quien tiene varias temporadas que no juega con las \u00c1guilas.<\/p>\n","protected":false},"excerpt":{"rendered":"<p>Las \u00c1guilas Cibae\u00f1as han convocado a un batall\u00f3n de 74 lanzadores y cinco receptores, para la apertura de su campo de entrenamientos este jueves a las 9:00 de la ma\u00f1ana en el estadio Cibao.<\/p>\n","protected":false},"author":19,"featured_media":60999,"comment_status":"closed","ping_status":"closed","sticky":false,"template":"","format":"standard","meta":[],"categories":[2,60],"tags":[],"acf":[],"_links":{"self":[{"href":"https:\/\/colimdo.org\/wp-api\/wp\/v2\/posts\/60998"}],"collection":[{"href":"https:\/\/colimdo.org\/wp-api\/wp\/v2\/posts"}],"about":[{"href":"https:\/\/colimdo.org\/wp-api\/wp\/v2\/types\/post"}],"author":[{"embeddable":true,"href":"https:\/\/colimdo.org\/wp-api\/wp\/v2\/users\/19"}],"replies":[{"embeddable":true,"href":"https:\/\/colimdo.org\/wp-api\/wp\/v2\/comments?post=60998"}],"version-history":[{"count":1,"href":"https:\/\/colimdo.org\/wp-api\/wp\/v2\/posts\/60998\/revisions"}],"predecessor-version":[{"id":61000,"href":"https:\/\/colimdo.org\/wp-api\/wp\/v2\/posts\/60998\/revisions\/61000"}],"wp:featuredmedia":[{"embeddable":true,"href":"https:\/\/colimdo.org\/wp-api\/wp\/v2\/media\/60999"}],"wp:attachment":[{"href":"https:\/\/colimdo.org\/wp-api\/wp\/v2\/media?parent=60998"}],"wp:term":[{"taxonomy":"category","embeddable":true,"href":"https:\/\/colimdo.org\/wp-api\/wp\/v2\/categories?post=60998"},{"taxonomy":"post_tag","embeddable":true,"href":"https:\/\/colimdo.org\/wp-api\/wp\/v2\/tags?post=60998"}],"curies":[{"name":"wp","href":"https:\/\/api.w.org\/{rel}","templated":true}]}}