{"id":61007,"date":"2019-09-18T19:06:50","date_gmt":"2019-09-18T19:06:50","guid":{"rendered":"https:\/\/colimdo.org\/?p=61007"},"modified":"2019-09-18T19:06:50","modified_gmt":"2019-09-18T19:06:50","slug":"cod-convoca-asamblea-general-ordinaria","status":"publish","type":"post","link":"https:\/\/colimdo.org\/noticias\/cod-convoca-asamblea-general-ordinaria\/","title":{"rendered":"COD convoca a asamblea general ordinaria"},"content":{"rendered":"<p>SANTO DOMINGO.- El Comit\u00e9 Ol\u00edmpico Dominicano (COD) ha convocado a las Federaciones Deportivas nacionales a la asamblea general ordinaria fijada para efectuarse el pr\u00f3ximo lunes 30 de septiembre pr\u00f3ximo.<\/p>\n<p>El encuentro con las Federaciones Deportivas Nacionales est\u00e1 fijado para iniciar a las 10:00 de la ma\u00f1ana, en el Sal\u00f3n de asamblea Juan Ulises Garc\u00eda Saleta del COD.<\/p>\n<p>La convocatoria est\u00e1 firmada por los licenciados Luis Mej\u00eda Oviedo y Gilberto Garc\u00eda, presidente y secretario general, respectivamente, de ese organismo.<\/p>\n<p>La asamblea tiene como puntos de agenda, primero, el programa de actividades y presupuesto del COD para el a\u00f1o 2020.<\/p>\n<p>Un comunicado de prensa del COD indica que la asamblea es convocada en cumplimiento con el Art\u00edculo 24, ac\u00e1pite A-2, as\u00ed como el art\u00edculo 25, ac\u00e1pite 25.1 del Cap\u00edtulo 6 de los estatutos del COD.<\/p>\n<p>A esta asamblea asistir\u00e1n todos los miembros afiliados con derecho a voz y voto.<\/p>\n","protected":false},"excerpt":{"rendered":"<p>El encuentro con las Federaciones Deportivas Nacionales est\u00e1 fijado para iniciar a las 10:00 de la ma\u00f1ana, en el Sal\u00f3n de asamblea Juan Ulises Garc\u00eda Saleta del COD.<\/p>\n","protected":false},"author":19,"featured_media":61008,"comment_status":"closed","ping_status":"closed","sticky":false,"template":"","format":"standard","meta":[],"categories":[2,60],"tags":[],"acf":[],"_links":{"self":[{"href":"https:\/\/colimdo.org\/wp-api\/wp\/v2\/posts\/61007"}],"collection":[{"href":"https:\/\/colimdo.org\/wp-api\/wp\/v2\/posts"}],"about":[{"href":"https:\/\/colimdo.org\/wp-api\/wp\/v2\/types\/post"}],"author":[{"embeddable":true,"href":"https:\/\/colimdo.org\/wp-api\/wp\/v2\/users\/19"}],"replies":[{"embeddable":true,"href":"https:\/\/colimdo.org\/wp-api\/wp\/v2\/comments?post=61007"}],"version-history":[{"count":1,"href":"https:\/\/colimdo.org\/wp-api\/wp\/v2\/posts\/61007\/revisions"}],"predecessor-version":[{"id":61009,"href":"https:\/\/colimdo.org\/wp-api\/wp\/v2\/posts\/61007\/revisions\/61009"}],"wp:featuredmedia":[{"embeddable":true,"href":"https:\/\/colimdo.org\/wp-api\/wp\/v2\/media\/61008"}],"wp:attachment":[{"href":"https:\/\/colimdo.org\/wp-api\/wp\/v2\/media?parent=61007"}],"wp:term":[{"taxonomy":"category","embeddable":true,"href":"https:\/\/colimdo.org\/wp-api\/wp\/v2\/categories?post=61007"},{"taxonomy":"post_tag","embeddable":true,"href":"https:\/\/colimdo.org\/wp-api\/wp\/v2\/tags?post=61007"}],"curies":[{"name":"wp","href":"https:\/\/api.w.org\/{rel}","templated":true}]}}