{"id":61013,"date":"2019-09-19T00:16:06","date_gmt":"2019-09-19T00:16:06","guid":{"rendered":"https:\/\/colimdo.org\/?p=61013"},"modified":"2019-09-19T00:16:13","modified_gmt":"2019-09-19T00:16:13","slug":"ubaldo-jimenez-se-une-primer-dia-practicas-tigres-del-licey","status":"publish","type":"post","link":"https:\/\/colimdo.org\/noticias\/ubaldo-jimenez-se-une-primer-dia-practicas-tigres-del-licey\/","title":{"rendered":"Ubaldo Jim\u00e9nez se une primer d\u00eda de pr\u00e1cticas Tigres del Licey"},"content":{"rendered":"<p><strong>TIERRA ALTA, Boca Chica<\/strong>.- En el inicio de los entrenamientos este mi\u00e9rcoles 18, el gerente general Junior Noboa proyect\u00f3 unos Tigres del Licey con un n\u00facleo bastante bueno de jugadores para el inicio de temporada 2019-2020, con el que podr\u00e1 cambiar la historia de los \u00faltimos dos a\u00f1os, cuando el conjunto azul tuvo los peores comienzos.<\/p>\n<p>Aparte de sentirse bien por la presencia de una docena y media de lanzadores el primer d\u00eda aqu\u00ed, en la academia de los Marineros de Seattle, Noboa dio cuenta de una serie de jugadores que estar\u00edan temprano del torneo, como los Grandes Ligas Pablo Reyes, Dawel Lugo y Marco Hern\u00e1ndez, los veteranos Arismendy Alc\u00e1ntara, Erick Aybar y Emilio Bonifacio, j\u00f3venes como Michael De Le\u00f3n y Eric Mej\u00eda, otros m\u00e1s j\u00f3venes y los importados, que llegar\u00e1n antes del inicio de la temporada, pautada para el 12 de octubre, s\u00e1bado.<\/p>\n<p>Habl\u00f3 de que este a\u00f1o Jorge Bonifacio se integrar\u00eda m\u00e1s temprano que de costumbre, la posibilidad de que Mel Rojas Jr juegue despu\u00e9s de dos a\u00f1os; as\u00ed como de las intenciones y del buen estado en que ha visto al lanzador Ubaldo Jim\u00e9nez, que no lanza desde 2017, cuando lo hizo por \u00faltima vez en las Mayores.<\/p>\n<p>Noboa dijo sentirse bien por la presencia entusiasta de unos 17 jugadores el primer entrenamiento y que encabez\u00f3 el recordman de juegos salvados de la Lidom, Jairo Asencio, porque para que el conjunto arranquen bien, los lanzadores deben estar en forma.<\/p>\n<p>Noboa record\u00f3 que los dos a\u00f1os previos el Licey tuvo los peores inicios y terminaba la serie regular con los mejores, pero este a\u00f1o aspira a comenzar bien y mantener buen r\u00e9cord al final y as\u00ed lograr temprano la clasificaci\u00f3n a postemporada.<\/p>\n<p>\u201cImportante, porque Jairo es nuestro cerrador, es importante que est\u00e9 en forma temprano, importante que est\u00e9 saludable, porque para nosotros \u00e9l es una pieza importante\u201d, expres\u00f3 sobre la asistencia del veterano cerrador Asencio, quien al igual que el a\u00f1o pasado, se puso presente el primer d\u00eda en la academia de los Marineros.<\/p>\n<p>Asegur\u00f3 que para el inicio de la temporada el Licey contar\u00e1 con jugadores como los Grandes Ligas Reyes (Pittsburgh) y Lugo (Detroit), Hern\u00e1ndez (Boston), Arismendy Alc\u00e1ntara (con buen a\u00f1o en Estados Unidos, Aybar;\u00a0 De Le\u00f3n, con los cuales ha tenido contactos y que han asegurado que estar\u00e1n temprano.<\/p>\n<p>Sobre el jardinero Mel Rojas Jr, que tiene par de torneos sin participar por sus compromisos en la Liga de Corea, asegur\u00f3 que siempre habla con \u00e9l, que participar\u00e1 en el \u00a0Mundial \u201cPremier 12\u201d en el pa\u00eds asi\u00e1tico con la selecci\u00f3n dominicana y las posibilidades de que luego se integre al Licey son grandes. \u201cEl dijo que ven\u00eda y vamos a esperar que \u00e9l est\u00e9 aqu\u00ed\u201d.<\/p>\n<p><strong>Ubaldo Jim\u00e9nez<\/strong><\/p>\n<p>El gerente general confirm\u00f3 las intenciones del exlanzador de Grandes Ligas Ubaldo Jim\u00e9nez, que no act\u00faa desde 2017. Asegur\u00f3 que el nativo de Nagua est\u00e1 trabajando en su programa de rehabilitaci\u00f3n particular, que no asisti\u00f3 al inicio de los entrenamientos porque est\u00e1 m\u00e1s avanzado que el grupo que estuvo disponible este primer d\u00eda.<\/p>\n<p>Sustent\u00f3 que Jim\u00e9nez lanz\u00f3 un juego hace una semana, que \u00e9l (Noboa) estuvo ah\u00ed y que lo vio bastante bien, con la misma velocidad con que actu\u00f3 la \u00faltimo vez que lo hizo en Grandes Ligas. Acot\u00f3 que este jueves volver\u00e1 a lanzar tres o cuatro entradas, que de nuevo ir\u00e1 a verlo, esta vez junto al manager Pedro L\u00f3pez, el coach de pitcheo David Rosario y personal de la oficina de Operaciones de B\u00e9isbol.<\/p>\n","protected":false},"excerpt":{"rendered":"<p>El relevista Jairo Asencio tambi\u00e9n entren\u00f3 en la apertura de los entrenamientos de los Tigres en Tierra Alta, Boca Chica.<\/p>\n","protected":false},"author":13,"featured_media":61014,"comment_status":"closed","ping_status":"closed","sticky":false,"template":"","format":"standard","meta":[],"categories":[2,60],"tags":[],"acf":[],"_links":{"self":[{"href":"https:\/\/colimdo.org\/wp-api\/wp\/v2\/posts\/61013"}],"collection":[{"href":"https:\/\/colimdo.org\/wp-api\/wp\/v2\/posts"}],"about":[{"href":"https:\/\/colimdo.org\/wp-api\/wp\/v2\/types\/post"}],"author":[{"embeddable":true,"href":"https:\/\/colimdo.org\/wp-api\/wp\/v2\/users\/13"}],"replies":[{"embeddable":true,"href":"https:\/\/colimdo.org\/wp-api\/wp\/v2\/comments?post=61013"}],"version-history":[{"count":1,"href":"https:\/\/colimdo.org\/wp-api\/wp\/v2\/posts\/61013\/revisions"}],"predecessor-version":[{"id":61015,"href":"https:\/\/colimdo.org\/wp-api\/wp\/v2\/posts\/61013\/revisions\/61015"}],"wp:featuredmedia":[{"embeddable":true,"href":"https:\/\/colimdo.org\/wp-api\/wp\/v2\/media\/61014"}],"wp:attachment":[{"href":"https:\/\/colimdo.org\/wp-api\/wp\/v2\/media?parent=61013"}],"wp:term":[{"taxonomy":"category","embeddable":true,"href":"https:\/\/colimdo.org\/wp-api\/wp\/v2\/categories?post=61013"},{"taxonomy":"post_tag","embeddable":true,"href":"https:\/\/colimdo.org\/wp-api\/wp\/v2\/tags?post=61013"}],"curies":[{"name":"wp","href":"https:\/\/api.w.org\/{rel}","templated":true}]}}