{"id":61019,"date":"2019-09-19T02:57:43","date_gmt":"2019-09-19T02:57:43","guid":{"rendered":"https:\/\/colimdo.org\/?p=61019"},"modified":"2019-09-19T02:57:52","modified_gmt":"2019-09-19T02:57:52","slug":"seleccion-futbol-sub-23-se-prepara-preolimpico","status":"publish","type":"post","link":"https:\/\/colimdo.org\/noticias\/seleccion-futbol-sub-23-se-prepara-preolimpico\/","title":{"rendered":"Selecci\u00f3n de Futbol Sub-23 se prepara para preol\u00edmpico"},"content":{"rendered":"<p><strong>SANTO DOMINGO<\/strong>.- Con la misi\u00f3n de seguir avanzando en el proceso de clasificaci\u00f3n para los Juegos Ol\u00edmpicos, la Selecci\u00f3n Dominicana de F\u00fatbol Sub-23 se prepara de cara a su partido ante Saint Kitts y Nevis en la final del Caribe del clasificatorio de Concacaf, a celebrarse el 22 del presente mes en el Estadio Deportivo Warner, de Saint Kitts.<\/p>\n<p>El ganador de este partido avanzar\u00e1 a la fase final del Campeonato Preol\u00edmpico de Concacaf.<\/p>\n<p>Los entrenamientos del conjunto dominicano son dirigidos por David Gonz\u00e1lez, director t\u00e9cnico de las selecciones Absoluta y Sub-23. Con la Sub-23, Gonz\u00e1lez tiene record de 5-0.<\/p>\n<p>Es la primera vez que el pa\u00eds avanza a la segunda ronda en la historia de una clasificaci\u00f3n ol\u00edmpica.<\/p>\n<p>El equipo dominicano avanz\u00f3 a esta instancia al ganar el grupo D de la primera fase de las eliminatorias. En ese torneo, celebrado en el estadio Panamericano de San Crist\u00f3bal, los criollos vencieron a Santa Luc\u00eda 3-1, Antigua y Barbuda 4-0 y Puerto Rico 2-1.<\/p>\n<p>La convocatoria para este partido incluye a Johan Guzm\u00e1n, Alessandro Baroni, Carlos Sosa, Jos\u00e9 Junior Francisco y Gerald Laverne.<\/p>\n<p>Tambi\u00e9n a Jeremy B\u00e1ez, Kelvin Mart\u00ednez, Olivier Dur\u00e1n, Juan \u00c1ngeles, Edarlyn Reyes Dorny Romero y Ronaldo V\u00e1squez. Completan V\u00edctor Taveras, Jairo Bueno, Brian L\u00f3pez, Jos\u00e9 Manuel Matos, Erick Japa y Juan Carlos Pineda.<\/p>\n","protected":false},"excerpt":{"rendered":"<p>Enfrentar\u00e1 a Saint Kitts y Nevis en la final del Caribe del clasificatorio de Concacaf, a celebrarse el 22 del presente mes en el Estadio Deportivo Warner, de Saint Kitts.<\/p>\n","protected":false},"author":13,"featured_media":61020,"comment_status":"closed","ping_status":"closed","sticky":false,"template":"","format":"standard","meta":[],"categories":[2,60],"tags":[],"acf":[],"_links":{"self":[{"href":"https:\/\/colimdo.org\/wp-api\/wp\/v2\/posts\/61019"}],"collection":[{"href":"https:\/\/colimdo.org\/wp-api\/wp\/v2\/posts"}],"about":[{"href":"https:\/\/colimdo.org\/wp-api\/wp\/v2\/types\/post"}],"author":[{"embeddable":true,"href":"https:\/\/colimdo.org\/wp-api\/wp\/v2\/users\/13"}],"replies":[{"embeddable":true,"href":"https:\/\/colimdo.org\/wp-api\/wp\/v2\/comments?post=61019"}],"version-history":[{"count":1,"href":"https:\/\/colimdo.org\/wp-api\/wp\/v2\/posts\/61019\/revisions"}],"predecessor-version":[{"id":61021,"href":"https:\/\/colimdo.org\/wp-api\/wp\/v2\/posts\/61019\/revisions\/61021"}],"wp:featuredmedia":[{"embeddable":true,"href":"https:\/\/colimdo.org\/wp-api\/wp\/v2\/media\/61020"}],"wp:attachment":[{"href":"https:\/\/colimdo.org\/wp-api\/wp\/v2\/media?parent=61019"}],"wp:term":[{"taxonomy":"category","embeddable":true,"href":"https:\/\/colimdo.org\/wp-api\/wp\/v2\/categories?post=61019"},{"taxonomy":"post_tag","embeddable":true,"href":"https:\/\/colimdo.org\/wp-api\/wp\/v2\/tags?post=61019"}],"curies":[{"name":"wp","href":"https:\/\/api.w.org\/{rel}","templated":true}]}}