{"id":61047,"date":"2019-09-19T16:22:28","date_gmt":"2019-09-19T16:22:28","guid":{"rendered":"https:\/\/colimdo.org\/?p=61047"},"modified":"2019-09-19T16:22:28","modified_gmt":"2019-09-19T16:22:28","slug":"anuncian-nacional-acuatlon-barahona","status":"publish","type":"post","link":"https:\/\/colimdo.org\/noticias\/anuncian-nacional-acuatlon-barahona\/","title":{"rendered":"Anuncian Nacional de Acuatl\u00f3n en Barahona"},"content":{"rendered":"<p class=\"x_gmail-MsoNoSpacing\">BARAHONA.- La Asociaci\u00f3n de Triatl\u00f3n de Barahona anunci\u00f3 la celebraci\u00f3n del Nacional de Acuatl\u00f3n a desarrollarse en la Ci\u00e9naga de esta provincia.<\/p>\n<p class=\"x_gmail-MsoNoSpacing\">La informaci\u00f3n la ofreci\u00f3 el presidente de la entidad de la regi\u00f3n del sur, Leovaldo Betances en compa\u00f1\u00eda del presidente de la Federaci\u00f3n Dominicana de Triatl\u00f3n (Fedotri), Franklin de la Cruz, quienes se\u00f1alaron que la actividad se desarrollar\u00e1 el domingo 29 del presente mes. Contar\u00e1 con el respaldo del Ministerio de Deportes (Miderec).<\/p>\n<p class=\"x_gmail-MsoNoSpacing\">Adelantaron que en el campeonato podr\u00e1n participar atletas en funci\u00f3n del a\u00f1o de nacimiento que van de 8 a 9 a\u00f1os (nacidos en 2010-2011), 10-11 a\u00f1os (2008-2009), 12-14 a\u00f1os (2005-2007), 15-16 a\u00f1os (2003-2004), 17-19 a\u00f1os (2000-2002) y m\u00e1s de 20 a\u00f1os.<\/p>\n<p class=\"x_gmail-MsoNoSpacing\">&#8220;Podr\u00e1n participar todos aquellos deportistas de ambos sexos, previa inscripci\u00f3n por cada una de las asociaciones que estar\u00e1n en el evento. Tambi\u00e9n podr\u00e1n participar todos los triatletas del pa\u00eds&#8221;, sostuvo Jorge Arturo Gallego, director t\u00e9cnico de la justa.<br \/>\nUn d\u00eda antes del evento, se realizar\u00e1 una charla t\u00e9cnica, pactada para las cuatro de la tarde en La Ci\u00e9naga de<\/p>\n<p class=\"x_gmail-MsoNoSpacing\">Gallego indic\u00f3, adem\u00e1s, que la competencia se regir\u00e1 por el reglamento de competici\u00f3n de Fedotri. Asimismo se\u00f1al\u00f3 que el evento ser\u00e1 dirigido y controlado por los jueces designados por la federaci\u00f3n.<br \/>\nLos ganadores recibir\u00e1n premios y trofeos en cada una de las categor\u00edas.<\/p>\n<p class=\"x_gmail-MsoNoSpacing\">Durante el anuncio del campeonato nacional tambi\u00e9n estuvo presente el s\u00edndico de La Ci\u00e9naga de Barahona, Kelvin Feliz.<\/p>\n","protected":false},"excerpt":{"rendered":"<p>La Asociaci\u00f3n de Triatl\u00f3n de Barahona anunci\u00f3 la celebraci\u00f3n del Nacional de Acuatl\u00f3n a desarrollarse en la Ci\u00e9naga de esta provincia.<\/p>\n","protected":false},"author":19,"featured_media":61049,"comment_status":"closed","ping_status":"closed","sticky":false,"template":"","format":"standard","meta":[],"categories":[2,60],"tags":[],"acf":[],"_links":{"self":[{"href":"https:\/\/colimdo.org\/wp-api\/wp\/v2\/posts\/61047"}],"collection":[{"href":"https:\/\/colimdo.org\/wp-api\/wp\/v2\/posts"}],"about":[{"href":"https:\/\/colimdo.org\/wp-api\/wp\/v2\/types\/post"}],"author":[{"embeddable":true,"href":"https:\/\/colimdo.org\/wp-api\/wp\/v2\/users\/19"}],"replies":[{"embeddable":true,"href":"https:\/\/colimdo.org\/wp-api\/wp\/v2\/comments?post=61047"}],"version-history":[{"count":2,"href":"https:\/\/colimdo.org\/wp-api\/wp\/v2\/posts\/61047\/revisions"}],"predecessor-version":[{"id":61050,"href":"https:\/\/colimdo.org\/wp-api\/wp\/v2\/posts\/61047\/revisions\/61050"}],"wp:featuredmedia":[{"embeddable":true,"href":"https:\/\/colimdo.org\/wp-api\/wp\/v2\/media\/61049"}],"wp:attachment":[{"href":"https:\/\/colimdo.org\/wp-api\/wp\/v2\/media?parent=61047"}],"wp:term":[{"taxonomy":"category","embeddable":true,"href":"https:\/\/colimdo.org\/wp-api\/wp\/v2\/categories?post=61047"},{"taxonomy":"post_tag","embeddable":true,"href":"https:\/\/colimdo.org\/wp-api\/wp\/v2\/tags?post=61047"}],"curies":[{"name":"wp","href":"https:\/\/api.w.org\/{rel}","templated":true}]}}