{"id":61070,"date":"2019-09-19T22:57:32","date_gmt":"2019-09-19T22:57:32","guid":{"rendered":"https:\/\/colimdo.org\/?p=61070"},"modified":"2019-09-19T22:57:44","modified_gmt":"2019-09-19T22:57:44","slug":"la-regata-palito-seco-sera-este-fin-semana-barahona","status":"publish","type":"post","link":"https:\/\/colimdo.org\/noticias\/la-regata-palito-seco-sera-este-fin-semana-barahona\/","title":{"rendered":"La Regata Palito Seco ser\u00e1 este fin de semana en Barahona"},"content":{"rendered":"<p><strong>SANTO DOMINGO.<\/strong> Con la participaci\u00f3n de algo m\u00e1s de 70 veleritas de Rep\u00fablica Dominicana y Puerto Rico, Federaci\u00f3n Dominicana de Vela (FDV) y el Cl\u00faster Tur\u00edstico y Productivo de la Provincia Barahona, se celebrar\u00e1 este fin de semana la tradicional Regada Palito Seco en la playa Punta Iglesia en el Malec\u00f3n de Barahona.<\/p>\n<p>El inicio de las actividades de cada d\u00eda ser\u00e1 a las 9:00 de la ma\u00f1ana con la reuni\u00f3n de capitanes, mientras que la clausura se har\u00e1 el domingo en horas de la tarde con la ceremonia de premiaci\u00f3n.<\/p>\n<p><span style=\"font-style: inherit; font-weight: inherit;\">Los atletas de las velas competir\u00e1n en las categor\u00edas Sunfish masculino y femenino abierto, Laser Radial masculino y femenino abierto, Laser Est\u00e1ndar masculino abierto, \u00a0as\u00ed como Optimis masculino y femenino. <\/span><\/p>\n<p>La modalidad blanca tendr\u00e1 participantes de 8 a 10 a\u00f1os; categor\u00eda Azul en edad de 8 a 12 a\u00f1os; Roja, de 13 a 15 a\u00f1os, y Verde inicial con participantes de 8 a 15 a\u00f1os \u00a0en \u00a0masculino y femenino.<\/p>\n<p><span style=\"font-style: inherit; font-weight: inherit;\">El certamen deportivo contar\u00e1 con otras disciplinas de deporte acu\u00e1tico como son Windsurfing masculino y femenino, Kitebrinding Twin Trip y Klefoy abierto (kite ol\u00edmpico).<\/span><\/p>\n<p><span style=\"font-style: inherit; font-weight: inherit;\">\u00a0a representaci\u00f3n dominicana contar\u00e1 con atletas provenientes de Pedernales, Barahona, Santo Domingo, Boca Chica, La Romana, Las Terrenas y de La Isabela.<\/span><span style=\"font-style: inherit; font-weight: inherit;\"><br \/>\nDurante la contienda deportiva la Escuela de la Vela de Barahona estar\u00e1 recibiendo un motor fuera de borda de 25HP donado por La Perla del Sur,\u00a0 Aeropuertos Dominicanos (AERODOM) y Rica, patrocinadores oficiales del evento.<\/span><\/p>\n","protected":false},"excerpt":{"rendered":"<p>Unos 70 veleristas de Rep\u00fablica Dominicana y Puerto Rico competir\u00e1n en el certamen que tendr\u00e1 lugar en la Playa Punta Iglesia, en el Malec\u00f3n de Barahona.<\/p>\n","protected":false},"author":13,"featured_media":61071,"comment_status":"closed","ping_status":"closed","sticky":false,"template":"","format":"standard","meta":[],"categories":[2,60],"tags":[],"acf":[],"_links":{"self":[{"href":"https:\/\/colimdo.org\/wp-api\/wp\/v2\/posts\/61070"}],"collection":[{"href":"https:\/\/colimdo.org\/wp-api\/wp\/v2\/posts"}],"about":[{"href":"https:\/\/colimdo.org\/wp-api\/wp\/v2\/types\/post"}],"author":[{"embeddable":true,"href":"https:\/\/colimdo.org\/wp-api\/wp\/v2\/users\/13"}],"replies":[{"embeddable":true,"href":"https:\/\/colimdo.org\/wp-api\/wp\/v2\/comments?post=61070"}],"version-history":[{"count":1,"href":"https:\/\/colimdo.org\/wp-api\/wp\/v2\/posts\/61070\/revisions"}],"predecessor-version":[{"id":61072,"href":"https:\/\/colimdo.org\/wp-api\/wp\/v2\/posts\/61070\/revisions\/61072"}],"wp:featuredmedia":[{"embeddable":true,"href":"https:\/\/colimdo.org\/wp-api\/wp\/v2\/media\/61071"}],"wp:attachment":[{"href":"https:\/\/colimdo.org\/wp-api\/wp\/v2\/media?parent=61070"}],"wp:term":[{"taxonomy":"category","embeddable":true,"href":"https:\/\/colimdo.org\/wp-api\/wp\/v2\/categories?post=61070"},{"taxonomy":"post_tag","embeddable":true,"href":"https:\/\/colimdo.org\/wp-api\/wp\/v2\/tags?post=61070"}],"curies":[{"name":"wp","href":"https:\/\/api.w.org\/{rel}","templated":true}]}}