{"id":61087,"date":"2019-09-20T16:23:58","date_gmt":"2019-09-20T16:23:58","guid":{"rendered":"https:\/\/colimdo.org\/?p=61087"},"modified":"2019-09-20T16:23:58","modified_gmt":"2019-09-20T16:23:58","slug":"zacarias-bonnat-clasificar-tokio-nuestra-meta","status":"publish","type":"post","link":"https:\/\/colimdo.org\/noticias\/zacarias-bonnat-clasificar-tokio-nuestra-meta\/","title":{"rendered":"Zacar\u00edas Bonnat: &#8220;Clasificar a Tokio es nuestra meta&#8221;"},"content":{"rendered":"<p><strong>JORGE LUIS TORRES, SANTO DOMINGO.-\u00a0<\/strong>El reci\u00e9n ganador de la medalla de plata en los 81 kilos en los pasados Juegos Panamericanos de Lima 2019, Zacar\u00edas Bonnat, mantiene un norte fijo con miras a los Juegos Ol\u00edmpicos de Tokio 2020 con intenci\u00f3n de conseguir todos los puntos necesarios para obtener su clasificaci\u00f3n a la m\u00e1xima competencia ol\u00edmpica.<\/p>\n<p>&#8220;Por ahora queremos dar nuestra mejor participaci\u00f3n en el Campeonato Mundial de Pesas, no hemos parado de entrenar y s\u00e9 que tanto esfuerzos dar\u00e1 sus resultados, este evento es clasificatorio para los Juegos Ol\u00edmpicos y esa es nuestra meta inmediata por estos momentos&#8221;, dijo Bonnat.<\/p>\n<p>El Campeonato Mundial de Pesas que es celebrado en Tailandia dio apertura\u00a0 el mi\u00e9rcoles 18 de septiembre y cerrar\u00e1 el viernes 27 de este mes.<\/p>\n<p>El dominicano competir\u00e1 el lunes a las 4:55 de la madrugada (hora dominicana), por los 81 kilos.<\/p>\n<p>Por el momento la representaci\u00f3n dominicana en el Campeonato Mundial de Pesas ha dejado buen sabor para el pa\u00eds, la atleta Beatriz Pir\u00f3n qued\u00f3 dentro del top 10 de los mejores pesistas del mundo, ocupando el s\u00e9ptimo lugar del ranking mundial.<\/p>\n<p>En la rama masculina el dominicano Luis Garc\u00eda culmin\u00f3 su participaci\u00f3n ocupando el d\u00e9cimo quinto lugar del ranking mundial halterofil\u00eda.<\/p>\n","protected":false},"excerpt":{"rendered":"<p>El Campeonato Mundial de Pesas que es celebrado en Tailandia dio apertura\u00a0 el 18 de septiembre y cerrar\u00e1 el viernes 27 de este mes.\u00a0<\/p>\n","protected":false},"author":19,"featured_media":61088,"comment_status":"closed","ping_status":"closed","sticky":false,"template":"","format":"standard","meta":[],"categories":[2,60],"tags":[],"acf":[],"_links":{"self":[{"href":"https:\/\/colimdo.org\/wp-api\/wp\/v2\/posts\/61087"}],"collection":[{"href":"https:\/\/colimdo.org\/wp-api\/wp\/v2\/posts"}],"about":[{"href":"https:\/\/colimdo.org\/wp-api\/wp\/v2\/types\/post"}],"author":[{"embeddable":true,"href":"https:\/\/colimdo.org\/wp-api\/wp\/v2\/users\/19"}],"replies":[{"embeddable":true,"href":"https:\/\/colimdo.org\/wp-api\/wp\/v2\/comments?post=61087"}],"version-history":[{"count":1,"href":"https:\/\/colimdo.org\/wp-api\/wp\/v2\/posts\/61087\/revisions"}],"predecessor-version":[{"id":61089,"href":"https:\/\/colimdo.org\/wp-api\/wp\/v2\/posts\/61087\/revisions\/61089"}],"wp:featuredmedia":[{"embeddable":true,"href":"https:\/\/colimdo.org\/wp-api\/wp\/v2\/media\/61088"}],"wp:attachment":[{"href":"https:\/\/colimdo.org\/wp-api\/wp\/v2\/media?parent=61087"}],"wp:term":[{"taxonomy":"category","embeddable":true,"href":"https:\/\/colimdo.org\/wp-api\/wp\/v2\/categories?post=61087"},{"taxonomy":"post_tag","embeddable":true,"href":"https:\/\/colimdo.org\/wp-api\/wp\/v2\/tags?post=61087"}],"curies":[{"name":"wp","href":"https:\/\/api.w.org\/{rel}","templated":true}]}}