{"id":61104,"date":"2019-09-20T18:13:55","date_gmt":"2019-09-20T18:13:55","guid":{"rendered":"https:\/\/colimdo.org\/?p=61104"},"modified":"2019-09-20T18:13:55","modified_gmt":"2019-09-20T18:13:55","slug":"domingo-german-no-volvera-lanzar-este-ano-incluye-playoffs","status":"publish","type":"post","link":"https:\/\/colimdo.org\/noticias\/domingo-german-no-volvera-lanzar-este-ano-incluye-playoffs\/","title":{"rendered":"Domingo Germ\u00e1n no volver\u00e1 a lanzar este a\u00f1o, eso incluye playoffs"},"content":{"rendered":"<p>AT BAT.- Los Yankees de Nueva York sufrieron otro fuerte golpe el jueves cuando fue anunciado que Domingo Germ\u00e1n hab\u00eda sido puesto en licencia administrativa, o baja administrativa, y a pesar de que primero se report\u00f3 que era por siete d\u00edas de acuerdo a Buster Olney de ESPN el pitcher derecho no vuelve en todo el 2019. Eso incluye playoffs.<\/p>\n<p>&#8220;El caso de Domingo German no est\u00e1 completamente resuelto administrativamente, pero no lanzar\u00e1 en un juego de MLB nuevamente este a\u00f1o, temporada regular o postemporada&#8221;, dijo Buster Olney.<\/p>\n<p>Seg\u00fan reportes fue el martes cuando se dio el incidente y donde presuntamente el dominicano golpe\u00f3 a su novia en un lugar p\u00fablico, lo cual fue visto por un trabajador de la oficina del comisionado.<\/p>\n","protected":false},"excerpt":{"rendered":"<p>Seg\u00fan reportes fue el martes cuando se dio el incidente y donde presuntamente el dominicano golpe\u00f3 a su novia en un lugar p\u00fablico, lo cual fue visto por un trabajador de la oficina del comisionado.<\/p>\n","protected":false},"author":19,"featured_media":61105,"comment_status":"closed","ping_status":"closed","sticky":false,"template":"","format":"standard","meta":[],"categories":[2,60],"tags":[],"acf":[],"_links":{"self":[{"href":"https:\/\/colimdo.org\/wp-api\/wp\/v2\/posts\/61104"}],"collection":[{"href":"https:\/\/colimdo.org\/wp-api\/wp\/v2\/posts"}],"about":[{"href":"https:\/\/colimdo.org\/wp-api\/wp\/v2\/types\/post"}],"author":[{"embeddable":true,"href":"https:\/\/colimdo.org\/wp-api\/wp\/v2\/users\/19"}],"replies":[{"embeddable":true,"href":"https:\/\/colimdo.org\/wp-api\/wp\/v2\/comments?post=61104"}],"version-history":[{"count":1,"href":"https:\/\/colimdo.org\/wp-api\/wp\/v2\/posts\/61104\/revisions"}],"predecessor-version":[{"id":61106,"href":"https:\/\/colimdo.org\/wp-api\/wp\/v2\/posts\/61104\/revisions\/61106"}],"wp:featuredmedia":[{"embeddable":true,"href":"https:\/\/colimdo.org\/wp-api\/wp\/v2\/media\/61105"}],"wp:attachment":[{"href":"https:\/\/colimdo.org\/wp-api\/wp\/v2\/media?parent=61104"}],"wp:term":[{"taxonomy":"category","embeddable":true,"href":"https:\/\/colimdo.org\/wp-api\/wp\/v2\/categories?post=61104"},{"taxonomy":"post_tag","embeddable":true,"href":"https:\/\/colimdo.org\/wp-api\/wp\/v2\/tags?post=61104"}],"curies":[{"name":"wp","href":"https:\/\/api.w.org\/{rel}","templated":true}]}}