{"id":61131,"date":"2019-09-21T20:52:31","date_gmt":"2019-09-21T20:52:31","guid":{"rendered":"https:\/\/colimdo.org\/?p=61131"},"modified":"2019-09-21T20:52:38","modified_gmt":"2019-09-21T20:52:38","slug":"fedotri-capacitara-tecnicos-participaran-copa-del-mundo-triatlon","status":"publish","type":"post","link":"https:\/\/colimdo.org\/noticias\/fedotri-capacitara-tecnicos-participaran-copa-del-mundo-triatlon\/","title":{"rendered":"Fedotri capacitar\u00e1 t\u00e9cnicos participar\u00e1n Copa del Mundo Triatl\u00f3n"},"content":{"rendered":"<p><strong>SANTO DOMINGO<\/strong>. La Federaci\u00f3n Dominicana de Triatl\u00f3n (Fedotri) realizar\u00e1 desde este viernes un curso-capacitaci\u00f3n para t\u00e9cnicos como base de preparaci\u00f3n para la Copa Mundial de Triatl\u00f3n a celebrarse los d\u00edas 9 y 10 de noviembre pr\u00f3ximo en la playa San Souci.<\/p>\n<p>El curso estar\u00e1 a cargo del cubano Rolando Herrera, oficial t\u00e9cnico nivel II de la Uni\u00f3n Internacional de Triatl\u00f3n (ITU por sus siglas en ingl\u00e9s) y se desarrollar\u00e1 en el Sal\u00f3n de Capacitaci\u00f3n de Entrenadores del Centro Ol\u00edmpico Juan Pablo Duarte (CEJPD) a partir de las dos de la tarde.<\/p>\n<p>\u201cLa idea esencial es que despu\u00e9s de finalizado el curso, todos los oficiales t\u00e9cnicos de Rep\u00fablica Dominicana est\u00e9n listo para trabajar en la Copa del Mundo. Que conozcan de todos los elementos que les toquen por reglamentos y organizaci\u00f3n de manera tal que puedan ejecutar todo lo que est\u00e1 establecido en la Copa dentro de un marco de justicia como les corresponde a todos los oficiales\u201d, puntualiz\u00f3 Herrera.<\/p>\n<p>El curso-capacitaci\u00f3n se desarrollar\u00e1 durante todo este fin de semana en niveles de dos secciones y contar\u00e1 con la participaci\u00f3n de 41 oficiales de todo el pa\u00eds y oficiales dominicanos ITU.<\/p>\n<p>Herrera se\u00f1al\u00f3 que el curso estar\u00e1 dividido en dos fases. Una primera ser\u00e1 te\u00f3rica, mientras que, en la segunda, los oficiales dominicanos pondr\u00e1n a prueba esos conocimientos en el Nacional de Acuatl\u00f3n a desarrollarse en La Ci\u00e9naga, Barahona, el 29 del presente mes.<\/p>\n<p>\u201cRolando desarrollar\u00e1 m\u00e1s el reforzamiento t\u00e9cnico con miras a la Copa del Mundo. Es un compromiso muy duro para la federaci\u00f3n (Fedotri) y para el pa\u00eds tambi\u00e9n. Como organizaci\u00f3n es un reto que debemos enfrentarlo\u201d, indic\u00f3 Eugenio Contreras, coordinador nacional de oficiales que estar\u00e1n participando en la justa mundialista, de la que se espera la presencia de triatlonistas de unos 40 pa\u00edses.<\/p>\n<p>Herrera tiene una vasta experiencia en eventos ligados al triatl\u00f3n, que data desde 1991. Asimismo, ser\u00e1 la tercera ocasi\u00f3n que el experto t\u00e9cnico cubano viene a la Rep\u00fablica Dominicana a realizar este tipo de curso.<\/p>\n","protected":false},"excerpt":{"rendered":"<p>La Copa Mundial de Triatl\u00f3n se llevar\u00e1 a cabo los d\u00edas 9 y 10 de noviembre pr\u00f3ximo en la playa San Souci.<\/p>\n","protected":false},"author":13,"featured_media":61132,"comment_status":"closed","ping_status":"closed","sticky":false,"template":"","format":"standard","meta":[],"categories":[2,60],"tags":[],"acf":[],"_links":{"self":[{"href":"https:\/\/colimdo.org\/wp-api\/wp\/v2\/posts\/61131"}],"collection":[{"href":"https:\/\/colimdo.org\/wp-api\/wp\/v2\/posts"}],"about":[{"href":"https:\/\/colimdo.org\/wp-api\/wp\/v2\/types\/post"}],"author":[{"embeddable":true,"href":"https:\/\/colimdo.org\/wp-api\/wp\/v2\/users\/13"}],"replies":[{"embeddable":true,"href":"https:\/\/colimdo.org\/wp-api\/wp\/v2\/comments?post=61131"}],"version-history":[{"count":1,"href":"https:\/\/colimdo.org\/wp-api\/wp\/v2\/posts\/61131\/revisions"}],"predecessor-version":[{"id":61133,"href":"https:\/\/colimdo.org\/wp-api\/wp\/v2\/posts\/61131\/revisions\/61133"}],"wp:featuredmedia":[{"embeddable":true,"href":"https:\/\/colimdo.org\/wp-api\/wp\/v2\/media\/61132"}],"wp:attachment":[{"href":"https:\/\/colimdo.org\/wp-api\/wp\/v2\/media?parent=61131"}],"wp:term":[{"taxonomy":"category","embeddable":true,"href":"https:\/\/colimdo.org\/wp-api\/wp\/v2\/categories?post=61131"},{"taxonomy":"post_tag","embeddable":true,"href":"https:\/\/colimdo.org\/wp-api\/wp\/v2\/tags?post=61131"}],"curies":[{"name":"wp","href":"https:\/\/api.w.org\/{rel}","templated":true}]}}