{"id":61134,"date":"2019-09-21T21:21:51","date_gmt":"2019-09-21T21:21:51","guid":{"rendered":"https:\/\/colimdo.org\/?p=61134"},"modified":"2019-09-21T21:22:02","modified_gmt":"2019-09-21T21:22:02","slug":"dv7-soccer-academy-rd-st-patrick-school-firman-acuerdo-deportivo","status":"publish","type":"post","link":"https:\/\/colimdo.org\/noticias\/dv7-soccer-academy-rd-st-patrick-school-firman-acuerdo-deportivo\/","title":{"rendered":"DV7 Soccer Academy RD y St. Patrick School firman acuerdo deportivo"},"content":{"rendered":"<p>Una vez m\u00e1s\u00a0DV7 Soccer Academy RD, instituci\u00f3n fundada por el prestigioso jugador espa\u00f1ol\u00a0David Villa, y consolidando su aporte al desarrollo del f\u00fatbol formativo en la Rep\u00fablica Dominicana a firmado un acuerdo de intercambio deportivo con el\u00a0St. Patrick School, que beneficiar\u00e1 a los estudiantes en su preparaci\u00f3n deportiva, y que tiene como finalidad desarrollar jugadores integrales, proporcion\u00e1ndoles las habilidades de jugar a la manera espa\u00f1ola, bajo la direcci\u00f3n deportiva de David Escandell, certificado con la m\u00e1xima licencia de UEFA PRO.<\/p>\n<p>St. Patrick School, tiene la misi\u00f3n,\u00a0de formar l\u00edderes emprendedores,\u00a0y esta alianza brinda a sus estudiantes la oportunidad de aprender los conceptos t\u00e1cticos que los inspirar\u00e1n a desarrollar su talento y optimizar sus habilidades, bajo la estructura y experiencia del m\u00e1ximo goleador de la selecci\u00f3n Espa\u00f1ola, campe\u00f3n del mundo y de la Champions League, David Villa.<\/p>\n<p>DV7 Soccer Academy RD,\u00a0es una red internacional de academias de f\u00fatbol liderados por David Villa y el Grupo empresas DV7. La organizaci\u00f3n tiene la misi\u00f3n de ense\u00f1ar a los ni\u00f1os alrededor del mundo, a como jugar el f\u00fatbol utilizando el m\u00e9todo DV7 y basado en la metodolog\u00eda de f\u00fatbol espa\u00f1ol, que permite a los jugadores desarrollar sus habilidades futbol\u00edsticas mientras se fomenta los valores personales y fuera del campo.<\/p>\n<p>Ambas instituciones se comprometen a nivel deportivo a construir proyectos que cumplan con los m\u00e1s altos est\u00e1ndares. Esta colaboraci\u00f3n tiene como objetivo seguir elevando el nivel futbol\u00edstico de los atletas del\u00a0St. Patrick School,\u00a0y continuar form\u00e1ndolos al m\u00e1s alto nivel para que puedan desarrollar su creatividad y mejorar en la toma de decisiones en situaciones durante el juego y en la vida diaria.<\/p>\n<p>En la firma del acuerdo estuvieron presentes de derecha a izquierda los ejecutivos de ambas instituciones como Dami\u00e1n Rodr\u00edguez, David Escandell, Maril\u00fa Bobadilla de Villanueva, Orlando Y\u00e1nez y Thony Aguilar.<\/p>\n","protected":false},"excerpt":{"rendered":"<p>El pacto beneficiar\u00e1 a los estudiantes en su preparaci\u00f3n deportiva, y que tiene como finalidad desarrollar jugadores integrals.<\/p>\n","protected":false},"author":13,"featured_media":61135,"comment_status":"closed","ping_status":"closed","sticky":false,"template":"","format":"standard","meta":[],"categories":[2,60],"tags":[],"acf":[],"_links":{"self":[{"href":"https:\/\/colimdo.org\/wp-api\/wp\/v2\/posts\/61134"}],"collection":[{"href":"https:\/\/colimdo.org\/wp-api\/wp\/v2\/posts"}],"about":[{"href":"https:\/\/colimdo.org\/wp-api\/wp\/v2\/types\/post"}],"author":[{"embeddable":true,"href":"https:\/\/colimdo.org\/wp-api\/wp\/v2\/users\/13"}],"replies":[{"embeddable":true,"href":"https:\/\/colimdo.org\/wp-api\/wp\/v2\/comments?post=61134"}],"version-history":[{"count":1,"href":"https:\/\/colimdo.org\/wp-api\/wp\/v2\/posts\/61134\/revisions"}],"predecessor-version":[{"id":61136,"href":"https:\/\/colimdo.org\/wp-api\/wp\/v2\/posts\/61134\/revisions\/61136"}],"wp:featuredmedia":[{"embeddable":true,"href":"https:\/\/colimdo.org\/wp-api\/wp\/v2\/media\/61135"}],"wp:attachment":[{"href":"https:\/\/colimdo.org\/wp-api\/wp\/v2\/media?parent=61134"}],"wp:term":[{"taxonomy":"category","embeddable":true,"href":"https:\/\/colimdo.org\/wp-api\/wp\/v2\/categories?post=61134"},{"taxonomy":"post_tag","embeddable":true,"href":"https:\/\/colimdo.org\/wp-api\/wp\/v2\/tags?post=61134"}],"curies":[{"name":"wp","href":"https:\/\/api.w.org\/{rel}","templated":true}]}}