{"id":61140,"date":"2019-09-21T22:04:51","date_gmt":"2019-09-21T22:04:51","guid":{"rendered":"https:\/\/colimdo.org\/?p=61140"},"modified":"2019-09-21T22:05:17","modified_gmt":"2019-09-21T22:05:17","slug":"granada-le-propina-doloroso-reves-al-barcelona-la-liga","status":"publish","type":"post","link":"https:\/\/colimdo.org\/noticias\/granada-le-propina-doloroso-reves-al-barcelona-la-liga\/","title":{"rendered":"Granada le propina doloroso rev\u00e9s al Barcelona en La Liga"},"content":{"rendered":"<p><strong>ESPN Digital<\/strong>. El Barcelona se pierde lejos del Camp Nou. Granada fue Bilbao, fue Dortmund, fue Pamplona, fue&#8230; Lo de siempre. Fuera de casa el equipo de Valverde es una caricatura y en el estadio de Los C\u00e1rmenes sum\u00f3 su tercera salida liguera sin ganar (dos derrotas), ofreciendo una imagen desastrosa. 2-0 y, lo peor, sin discusi\u00f3n. Sin excusa y sin capacidad de respuesta.<\/p>\n<p>El peor inicio liguero del Bar\u00e7a desde la temporada 1994-95, el peor desde que la Liga suma tres puntos por victoria, el peor comienzo que se recuerda y que, apenas transcurridas cinco jornadas de Liga, le deja contra la cuerdas. Su visita a Granada fue un aut\u00e9ntico rid\u00edculo. De principio a fin ante la euforia de una hinchada incr\u00e9dula con su equipo, que se acost\u00f3 l\u00edder de la Liga.<\/p>\n<p>Horrible en la presentaci\u00f3n, el Bar\u00e7a no tard\u00f3 ni dos minutos en verse por debajo en el marcador. Un error obsceno, fatal, de Junior Firpo dio alas al Granada para que en su primer remate a puerta, f\u00e1cil, Azzez superase a Ter Stegen y provocase un cortociruito que no abandon\u00f3 el equipo de Valverde en toda la primera parte, que complet\u00f3 sin un solo remate a puerta, conduciendo el bal\u00f3n sin criterio ninguno y ofreciendo, sin duda, la peor imagen de toda la temporada.<\/p>\n<p>Derrotado a \u00faltima hora en Bilbao e intermitente en Pamplona, la tercera salida liguera, m\u00e1s a\u00fan despu\u00e9s de la afortunada igualada en Dortmund, era un aut\u00e9ntico examen para el Bar\u00e7a, tan necesitado de recuperar puntos como sensaciones, obligado a mostrar lejos del Camp Nou la imagen vista en casa y urgente por ense\u00f1ar sus cartas&#8230; Y, sin embargo, complet\u00f3 un primer acto fantasmag\u00f3rico. Horroroso absolutamente.<\/p>\n<p>Sin Messi en el once, Carles P\u00e9rez tom\u00f3 el puesto de Ansu Fati en el equipo titular para acompa\u00f1ar a Griezmann y Su\u00e1rez, a la vez que las aunciadas rotaciones de Valverde en el medio sacaron de escena a Arthur y Busquets, acompa\u00f1ando Sergi Roberto y Rakitic a De Jong a la vez que Junior Firpo ocupaba el lateral zurdo por la lesi\u00f3n de Alba. No pudo tener peor debut en el once titular el futbolista de origen dominicano, se\u00f1alado en el 1-0 y nervioso, taquic\u00e1rdico se dir\u00eda, a partir de ah\u00ed.<\/p>\n<p>Pero es que a su error se sum\u00f3 una bajada de brazos inconcebible de sus compa\u00f1eros, pasivos en la presi\u00f3n, lentos en la distribuci\u00f3n y sin ninguna clase de v\u00e9rtigo que regal\u00f3 al Granada el primer tiempo m\u00e1s c\u00f3modo que nunca pudo imaginar.<\/p>\n<p><strong>OTRO RESULTADO<\/strong><\/p>\n<p>ATL\u00c9TICO 0, CELTA DE VIGO 0<\/p>\n","protected":false},"excerpt":{"rendered":"<p>Granada sorprendi\u00f3 a todos con un triunfo por 2-0 ante Barcelona este s\u00e1bado en la Liga Espa\u00f1ola.<\/p>\n","protected":false},"author":13,"featured_media":61141,"comment_status":"closed","ping_status":"closed","sticky":false,"template":"","format":"standard","meta":[],"categories":[2,60],"tags":[],"acf":[],"_links":{"self":[{"href":"https:\/\/colimdo.org\/wp-api\/wp\/v2\/posts\/61140"}],"collection":[{"href":"https:\/\/colimdo.org\/wp-api\/wp\/v2\/posts"}],"about":[{"href":"https:\/\/colimdo.org\/wp-api\/wp\/v2\/types\/post"}],"author":[{"embeddable":true,"href":"https:\/\/colimdo.org\/wp-api\/wp\/v2\/users\/13"}],"replies":[{"embeddable":true,"href":"https:\/\/colimdo.org\/wp-api\/wp\/v2\/comments?post=61140"}],"version-history":[{"count":1,"href":"https:\/\/colimdo.org\/wp-api\/wp\/v2\/posts\/61140\/revisions"}],"predecessor-version":[{"id":61142,"href":"https:\/\/colimdo.org\/wp-api\/wp\/v2\/posts\/61140\/revisions\/61142"}],"wp:featuredmedia":[{"embeddable":true,"href":"https:\/\/colimdo.org\/wp-api\/wp\/v2\/media\/61141"}],"wp:attachment":[{"href":"https:\/\/colimdo.org\/wp-api\/wp\/v2\/media?parent=61140"}],"wp:term":[{"taxonomy":"category","embeddable":true,"href":"https:\/\/colimdo.org\/wp-api\/wp\/v2\/categories?post=61140"},{"taxonomy":"post_tag","embeddable":true,"href":"https:\/\/colimdo.org\/wp-api\/wp\/v2\/tags?post=61140"}],"curies":[{"name":"wp","href":"https:\/\/api.w.org\/{rel}","templated":true}]}}