{"id":61143,"date":"2019-09-21T22:18:06","date_gmt":"2019-09-21T22:18:06","guid":{"rendered":"https:\/\/colimdo.org\/?p=61143"},"modified":"2019-09-21T22:18:59","modified_gmt":"2019-09-21T22:18:59","slug":"haran-campeonato-nacional-ajedrez-gubernamental-equipos","status":"publish","type":"post","link":"https:\/\/colimdo.org\/noticias\/haran-campeonato-nacional-ajedrez-gubernamental-equipos\/","title":{"rendered":"Har\u00e1n Campeonato Nacional de Ajedrez Gubernamental por equipos"},"content":{"rendered":"<p><strong>SANTO DOMINGO<\/strong>.\u00a0\u00a0La Federaci\u00f3n Dominicana de ajedrez anunci\u00f3 la celebraci\u00f3n del primer Campeonato Nacional de ajedrez Gubernamental por equipos 2019, para el mes de octubre, con una especial dedicatoria al administrador general\u00a0del Banco de Reservas,<em>\u00a0<\/em>licenciado Sim\u00f3n Lizardo M\u00e9zquita.<\/p>\n<p>En la justa actuar\u00e1n los ajedrecistas que laboran en diferentes instituciones gubernamentales del pa\u00eds. Hasta el momento han confirmado su participaci\u00f3n: Banco Central, Banco Agr\u00edcola, Banco de Reservas, EdeEste, Edesur, CDEEE, La Polic\u00eda Nacional, CAASD, IDAC y el Ministerio de Hacienda.<\/p>\n<p>Los detalles fueron ofrecidos por el licenciado Pedro Dom\u00ednguez Brito, presidente del comit\u00e9 organizador, a acompa\u00f1ado del licenciado Braulio Ram\u00edrez, director ejecutivo de la entidad, quienes resaltaron que la actividad se realizar\u00e1 el s\u00e1bado 26 de octubre a las 10: 00 de la ma\u00f1ana, en el sal\u00f3n Panch\u00f3n Matos Rivera de la Federaci\u00f3n Dominicana de Ajedrez ubicada en el Centro Ol\u00edmpico Juan Pablo Duarte en el Distrito Nacional.<\/p>\n<p>La direcci\u00f3n t\u00e9cnica estar\u00e1 conformada por el \u00e1rbitro Internacional Wilfredo Paulino, acompa\u00f1ado de los \u00e1rbitros adjuntos, Juan Vargas y Benjam\u00edn Henr\u00edquez.<br \/>\nDom\u00ednguez Brito dijo que se estar\u00e1 disputando la primera Copa Gubernamental de ajedrez por equipos 2019 y que el evento se jugar\u00e1 en sistema suizo a 6 rondas con un ritmo de tiempo de cinco minutos y dos segundos de incremento para cada jugador.<\/p>\n<p>Los equipos estar\u00e1n conformados por cinco jugadores.\u00a0Los resultados de las partidas ser\u00e1n transmitidas atraves\u00e9 de la plataforma de Chessresult.<\/p>\n<p>El coordinador General del campeonato nacional ser\u00e1 el presidente de la Federaci\u00f3n Dominicana de Ajedrez Lic. Wily Gonz\u00e1lez, quien estar\u00e1 acompa\u00f1ado de los dem\u00e1s miembros del Comit\u00e9 Ejecutivo: Luis Lorenzo, Pedro Brito Cede\u00f1o, Carlos Del Rosario, Nobel del Rosario, Dianelva Moronta y Modesto Pe\u00f1a.<\/p>\n","protected":false},"excerpt":{"rendered":"<p>El torneo ser\u00e1 el s\u00e1bado 26 de octubre a las 10: 00 de la ma\u00f1ana, en el sal\u00f3n Panch\u00f3n Matos Rivera de la Federaci\u00f3n Dominicana de Ajedrez.<\/p>\n","protected":false},"author":13,"featured_media":61144,"comment_status":"closed","ping_status":"closed","sticky":false,"template":"","format":"standard","meta":[],"categories":[2,60],"tags":[],"acf":[],"_links":{"self":[{"href":"https:\/\/colimdo.org\/wp-api\/wp\/v2\/posts\/61143"}],"collection":[{"href":"https:\/\/colimdo.org\/wp-api\/wp\/v2\/posts"}],"about":[{"href":"https:\/\/colimdo.org\/wp-api\/wp\/v2\/types\/post"}],"author":[{"embeddable":true,"href":"https:\/\/colimdo.org\/wp-api\/wp\/v2\/users\/13"}],"replies":[{"embeddable":true,"href":"https:\/\/colimdo.org\/wp-api\/wp\/v2\/comments?post=61143"}],"version-history":[{"count":1,"href":"https:\/\/colimdo.org\/wp-api\/wp\/v2\/posts\/61143\/revisions"}],"predecessor-version":[{"id":61145,"href":"https:\/\/colimdo.org\/wp-api\/wp\/v2\/posts\/61143\/revisions\/61145"}],"wp:featuredmedia":[{"embeddable":true,"href":"https:\/\/colimdo.org\/wp-api\/wp\/v2\/media\/61144"}],"wp:attachment":[{"href":"https:\/\/colimdo.org\/wp-api\/wp\/v2\/media?parent=61143"}],"wp:term":[{"taxonomy":"category","embeddable":true,"href":"https:\/\/colimdo.org\/wp-api\/wp\/v2\/categories?post=61143"},{"taxonomy":"post_tag","embeddable":true,"href":"https:\/\/colimdo.org\/wp-api\/wp\/v2\/tags?post=61143"}],"curies":[{"name":"wp","href":"https:\/\/api.w.org\/{rel}","templated":true}]}}