{"id":61150,"date":"2019-09-21T23:39:45","date_gmt":"2019-09-21T23:39:45","guid":{"rendered":"https:\/\/colimdo.org\/?p=61150"},"modified":"2019-09-21T23:40:01","modified_gmt":"2019-09-21T23:40:01","slug":"leones-santo-domingo-agregan-al-importado-jamie-skeen","status":"publish","type":"post","link":"https:\/\/colimdo.org\/noticias\/leones-santo-domingo-agregan-al-importado-jamie-skeen\/","title":{"rendered":"Leones de Santo Domingo agregan al importado Jamie Skeen"},"content":{"rendered":"<p>SANTO DOMINGO.-\u00a0Los Leones de Santo Domingo contrataron al delantero Jamie Skeen, para fortalecer sus aspiraciones en el tramo definitorio de la serie regular de la Liga Nacional de Baloncesto (LNB).<\/p>\n<p>Skeen viene de accionar en la temporada 2018-19 con los Vilpas Vikings de la liga de primera divisi\u00f3n de Finlandia (Koriisliga), donde promedi\u00f3 12.7 unidades y 5.7 rebotes, lanzando para 54.3 por ciento de campo, 81.6 en tiros libres y 37.7 de triples durante 50 partidos.<\/p>\n<p>Adem\u00e1s de Finlandia, su experiencia como jugador incluye ligas de Francia, Israel, Italia, Puerto Rico y B\u00e9lgica, adem\u00e1s de Kosovo, Nueva Zelanda.<\/p>\n<p>Skeen mide 6\u20199 de estatura, pesa 240 libras y a nivel de la NCAA jug\u00f3 con las universidades de Wake Forest y Virginia Commonwealth (VCU), registrando 15.7 puntos, 7.3 tableros 52.1 por ciento de campo y 41.9 en triples en su \u00faltima campa\u00f1a.<\/p>\n<p>El gerente de Operaciones de los escarlatas, Rafael Faneyte, inform\u00f3 que Skeen aterrizar\u00e1 en el pa\u00eds este domingo y que de inmediato realizar\u00e1 su debut para el partido de la fecha contra los Ca\u00f1eros del Este a las 6:00 de la tarde en el Polideportivo Eleoncio Mercedes de La Romana.<\/p>\n<p>Los Leones (5-5) se encuentran en un cu\u00e1druple empate en la segunda posici\u00f3n con los Soles de Santo Domingo Este, Metros de Santiago y Ca\u00f1eros. Reales de La Vega (7-3) lideran la tabla y los Indios de San Francisco de Macor\u00eds (3-7) la cierran, a falta de cinco juegos para cada equipo.<\/p>\n","protected":false},"excerpt":{"rendered":"<p>El delantero estar\u00e1 en cancha este domingo para el partido contra los Ca\u00f1eros en la jornada de la Liga Nacional de Baloncesto (LNB).<\/p>\n","protected":false},"author":13,"featured_media":61151,"comment_status":"closed","ping_status":"closed","sticky":false,"template":"","format":"standard","meta":[],"categories":[2,60],"tags":[],"acf":[],"_links":{"self":[{"href":"https:\/\/colimdo.org\/wp-api\/wp\/v2\/posts\/61150"}],"collection":[{"href":"https:\/\/colimdo.org\/wp-api\/wp\/v2\/posts"}],"about":[{"href":"https:\/\/colimdo.org\/wp-api\/wp\/v2\/types\/post"}],"author":[{"embeddable":true,"href":"https:\/\/colimdo.org\/wp-api\/wp\/v2\/users\/13"}],"replies":[{"embeddable":true,"href":"https:\/\/colimdo.org\/wp-api\/wp\/v2\/comments?post=61150"}],"version-history":[{"count":1,"href":"https:\/\/colimdo.org\/wp-api\/wp\/v2\/posts\/61150\/revisions"}],"predecessor-version":[{"id":61152,"href":"https:\/\/colimdo.org\/wp-api\/wp\/v2\/posts\/61150\/revisions\/61152"}],"wp:featuredmedia":[{"embeddable":true,"href":"https:\/\/colimdo.org\/wp-api\/wp\/v2\/media\/61151"}],"wp:attachment":[{"href":"https:\/\/colimdo.org\/wp-api\/wp\/v2\/media?parent=61150"}],"wp:term":[{"taxonomy":"category","embeddable":true,"href":"https:\/\/colimdo.org\/wp-api\/wp\/v2\/categories?post=61150"},{"taxonomy":"post_tag","embeddable":true,"href":"https:\/\/colimdo.org\/wp-api\/wp\/v2\/tags?post=61150"}],"curies":[{"name":"wp","href":"https:\/\/api.w.org\/{rel}","templated":true}]}}