{"id":61159,"date":"2019-09-22T15:04:40","date_gmt":"2019-09-22T15:04:40","guid":{"rendered":"https:\/\/colimdo.org\/?p=61159"},"modified":"2019-09-22T15:04:40","modified_gmt":"2019-09-22T15:04:40","slug":"abadina-convoca-elecciones-proximo-sabado-28-septiembre","status":"publish","type":"post","link":"https:\/\/colimdo.org\/noticias\/abadina-convoca-elecciones-proximo-sabado-28-septiembre\/","title":{"rendered":"ABADINA convoca elecciones para el pr\u00f3ximo s\u00e1bado 28 de septiembre"},"content":{"rendered":"<p>&nbsp;<\/p>\n<p>HOY.- La Asociaci\u00f3n de Baloncesto del Distrito Nacional (ABADINA) anunci\u00f3 que las elecciones para elegir la nueva directiva de esa organizaci\u00f3n deportiva ser\u00e1n celebradas el pr\u00f3ximo s\u00e1bado 28 de septiembre a las 9:00 de la ma\u00f1ana en sus oficinas del Palacio de los Deportes \u201cProfesor Virgilio Travieso Soto\u201d.<\/p>\n<p>A trav\u00e9s de un comunicado de prensa, la ABADINA inform\u00f3 que la nueva directiva que regir\u00e1 esa asociaci\u00f3n por un per\u00edodo de 2 (dos) a\u00f1os ser\u00e1 elegida en un proceso transparente y supervisado por las autoridades deportivas correspondiente.<\/p>\n<p>Dijo que las planchas podr\u00e1n ser inscritas ante la Comisi\u00f3n Electoral el mismo s\u00e1bado 28 del presente mes, tal y como ha sido una tradici\u00f3n en otros procesos similares.<\/p>\n<p>La medida fue adoptada durante una reuni\u00f3n del Comit\u00e9 Ejecutivo de la ABADINA que preside el profesor Fernando Teruel.<\/p>\n<p>La ABADINA inform\u00f3, adem\u00e1s, que los delegados que sean enviados al proceso eleccionario, en representaci\u00f3n de los 44 clubes del Distrito Nacional con voz y voto, deber\u00e1n presentar una comunicaci\u00f3n firmada y sellada.<\/p>\n<p>Se destaca que la actual directiva de ABADINA ha cumplido con un amplio programa de trabajo en las diferentes categor\u00edas, incluyendo la celebraci\u00f3n de dos exitosos torneos a nivel superior.<\/p>\n<p>La gesti\u00f3n de Teruel y su equipo de trabajo dio continuidad a los proyectos encaminados anteriormente por el periodista Jos\u00e9 Monegro.<\/p>\n<p>Teruel ha estado acompa\u00f1ado en la ABADINA por Santos Mar\u00eda (vicepresidente), del Club Los Cachorros; Milton D\u00edaz de la Rosa (secretario general), del Club San L\u00e1zaro; Sucre Mateo (tesorero), del Club Luper\u00f3n; Diego Pesqueira (prensa y propaganda), del Club San Carlos; Edwin Castillo (organizaci\u00f3n), del Club La Ci\u00e9naga; Juan Coronado (vocal), del Club Los Prados.<br \/>\nPublicidad<\/p>\n","protected":false},"excerpt":{"rendered":"<p> La Asociaci\u00f3n de Baloncesto del Distrito Nacional (ABADINA) anunci\u00f3 que las elecciones para elegir la nueva directiva de esa organizaci\u00f3n deportiva ser\u00e1n celebradas el pr\u00f3ximo s\u00e1bado 28 de septiembre a las 9:00 de la ma\u00f1ana en sus oficinas del Palacio de los Deportes \u201cProfesor Virgilio Travieso Soto\u201d.<\/p>\n","protected":false},"author":19,"featured_media":61160,"comment_status":"closed","ping_status":"closed","sticky":false,"template":"","format":"standard","meta":[],"categories":[2,60],"tags":[],"acf":[],"_links":{"self":[{"href":"https:\/\/colimdo.org\/wp-api\/wp\/v2\/posts\/61159"}],"collection":[{"href":"https:\/\/colimdo.org\/wp-api\/wp\/v2\/posts"}],"about":[{"href":"https:\/\/colimdo.org\/wp-api\/wp\/v2\/types\/post"}],"author":[{"embeddable":true,"href":"https:\/\/colimdo.org\/wp-api\/wp\/v2\/users\/19"}],"replies":[{"embeddable":true,"href":"https:\/\/colimdo.org\/wp-api\/wp\/v2\/comments?post=61159"}],"version-history":[{"count":1,"href":"https:\/\/colimdo.org\/wp-api\/wp\/v2\/posts\/61159\/revisions"}],"predecessor-version":[{"id":61161,"href":"https:\/\/colimdo.org\/wp-api\/wp\/v2\/posts\/61159\/revisions\/61161"}],"wp:featuredmedia":[{"embeddable":true,"href":"https:\/\/colimdo.org\/wp-api\/wp\/v2\/media\/61160"}],"wp:attachment":[{"href":"https:\/\/colimdo.org\/wp-api\/wp\/v2\/media?parent=61159"}],"wp:term":[{"taxonomy":"category","embeddable":true,"href":"https:\/\/colimdo.org\/wp-api\/wp\/v2\/categories?post=61159"},{"taxonomy":"post_tag","embeddable":true,"href":"https:\/\/colimdo.org\/wp-api\/wp\/v2\/tags?post=61159"}],"curies":[{"name":"wp","href":"https:\/\/api.w.org\/{rel}","templated":true}]}}