{"id":61165,"date":"2019-09-22T15:23:22","date_gmt":"2019-09-22T15:23:22","guid":{"rendered":"https:\/\/colimdo.org\/?p=61165"},"modified":"2019-09-22T15:23:22","modified_gmt":"2019-09-22T15:23:22","slug":"klay-thompson-tambien-se-apunta-las-filas-ir-tokio-2020-team-usa","status":"publish","type":"post","link":"https:\/\/colimdo.org\/noticias\/klay-thompson-tambien-se-apunta-las-filas-ir-tokio-2020-team-usa\/","title":{"rendered":"Klay Thompson tambi\u00e9n se apunta a las filas para ir a Tokio 2020 con el Team USA"},"content":{"rendered":"<p>NBAMANIACS.-\u00a0Despu\u00e9s del deshonor m\u00e1s grande perpetrado por un combinado de Estados Unidos en un Mundial, empiezan a sucederse las declaraciones de intenciones por parte de grandes jugadores de la liga. Quieren estar en los Juegos Ol\u00edmpicos de Tokio 2020 con el Team USA y, de paso, recuperar el honor extraviado en China hace solo unos d\u00edas.<\/p>\n<p>Si Stephen Curry o Damian Lillard hab\u00edan insinuado ya en los \u00faltimos d\u00edas que estaban dispuestos a ir a Tokio, que les gustar\u00eda de hecho, ahora ha sido Klay Thompson quien se ha unido al ofrecimiento, seg\u00fan public\u00f3 el portal The Athletic.<\/p>\n<p>\u201cSer\u00eda incre\u00edble compartir equipo con Curry en Tokio\u201d, aleg\u00f3 el escolta de los Golden State Warriors, que se apunta a los Juegos.<\/p>\n<p>Eso s\u00ed, a pesar de su declaraci\u00f3n de intenciones en este momento, tanto la de Thompson como la de Curry, su disponibilidad final depender\u00e1 de lo larga que resulta la temporada 2019-20.<\/p>\n<p>Eso para el futuro; en el presente Klay Thompson sigue recuper\u00e1ndose de su lesi\u00f3n en la rodilla y no podr\u00e1 estar al servicio de los Warriors hasta comienzos de a\u00f1o, mes de enero o febrero.<\/p>\n","protected":false},"excerpt":{"rendered":"<p>Si Stephen Curry o Damian Lillard hab\u00edan insinuado ya en los \u00faltimos d\u00edas que estaban dispuestos a ir a Tokio, que les gustar\u00eda de hecho, ahora ha sido Klay Thompson quien se ha unido al ofrecimiento, seg\u00fan public\u00f3 el portal The Athletic.<\/p>\n","protected":false},"author":19,"featured_media":61166,"comment_status":"closed","ping_status":"closed","sticky":false,"template":"","format":"standard","meta":[],"categories":[2,60],"tags":[],"acf":[],"_links":{"self":[{"href":"https:\/\/colimdo.org\/wp-api\/wp\/v2\/posts\/61165"}],"collection":[{"href":"https:\/\/colimdo.org\/wp-api\/wp\/v2\/posts"}],"about":[{"href":"https:\/\/colimdo.org\/wp-api\/wp\/v2\/types\/post"}],"author":[{"embeddable":true,"href":"https:\/\/colimdo.org\/wp-api\/wp\/v2\/users\/19"}],"replies":[{"embeddable":true,"href":"https:\/\/colimdo.org\/wp-api\/wp\/v2\/comments?post=61165"}],"version-history":[{"count":1,"href":"https:\/\/colimdo.org\/wp-api\/wp\/v2\/posts\/61165\/revisions"}],"predecessor-version":[{"id":61167,"href":"https:\/\/colimdo.org\/wp-api\/wp\/v2\/posts\/61165\/revisions\/61167"}],"wp:featuredmedia":[{"embeddable":true,"href":"https:\/\/colimdo.org\/wp-api\/wp\/v2\/media\/61166"}],"wp:attachment":[{"href":"https:\/\/colimdo.org\/wp-api\/wp\/v2\/media?parent=61165"}],"wp:term":[{"taxonomy":"category","embeddable":true,"href":"https:\/\/colimdo.org\/wp-api\/wp\/v2\/categories?post=61165"},{"taxonomy":"post_tag","embeddable":true,"href":"https:\/\/colimdo.org\/wp-api\/wp\/v2\/tags?post=61165"}],"curies":[{"name":"wp","href":"https:\/\/api.w.org\/{rel}","templated":true}]}}