{"id":61168,"date":"2019-09-22T15:58:10","date_gmt":"2019-09-22T15:58:10","guid":{"rendered":"https:\/\/colimdo.org\/?p=61168"},"modified":"2019-09-22T17:09:18","modified_gmt":"2019-09-22T17:09:18","slug":"nadal-se-retira-lesion-del-torneo-no-jugara-dobles-federer","status":"publish","type":"post","link":"https:\/\/colimdo.org\/noticias\/nadal-se-retira-lesion-del-torneo-no-jugara-dobles-federer\/","title":{"rendered":"Nadal se retira por lesi\u00f3n del torneo y no jugar\u00e1 dobles con Federer"},"content":{"rendered":"<p>MARCA, Ginebra, 22 sep (EFE).- El tenista espa\u00f1ol Rafael Nadal anunci\u00f3 este domingo su retirada, por lesi\u00f3n en la mu\u00f1eca izquierda de la Copa Laver, el torneo que enfrenta a las selecciones de Europa y Resto del Mundo, lo que privar\u00e1 a los aficionados de verle jugar el encuentro de dobles junto a su rival y amigo el suizo Roger Federer.<\/p>\n<p>\u00abEstoy decepcionado de no poder jugar hoy otra vez, pero tengo una inflamaci\u00f3n en la mano y necesito descansar\u00bb, admiti\u00f3 el espa\u00f1ol a trav\u00e9s de un comunicado de la organizaci\u00f3n.<\/p>\n<p>Nadal ten\u00eda previsto jugar junto con Federer el primer partido del d\u00eda ante los estadounidenses John Isner y Jack Sock, y a continuaci\u00f3n le esperaba otro de individuales ante el australiano Nick Kyrgios, pero opt\u00f3 por su retirada de la competici\u00f3n tras consultar con el equipo m\u00e9dico del torneo.<\/p>\n<p>El manacor\u00ed ya tuvo el s\u00e1bado una maratoniana jornada en la que jug\u00f3 m\u00e1s de tres horas, primero en un partido individual que gan\u00f3 al canadiense Milos Raonic y acto seguido en otro de dobles con el griego Stefanos Tsitsipas, en el que los europeos cayeron ante Kyrgios y Sock.<\/p>\n<p>Tsitsipas sustituir\u00e1 a Nadal en el encuentro de dobles y har\u00e1 pareja con Federer, mientras que ser\u00e1 el austr\u00edaco Dominic Thiem quien posteriormente se enfrente contra Kyrgios.<\/p>\n<p>En esta \u00faltima jornada, la selecci\u00f3n europea debe ganar al menos dos de los cuatro partidos en juego para poder apuntarse la tercera edici\u00f3n de un torneo que ya gan\u00f3 en 2017 y 2018, mientras que los del Resto del Mundo, capitaneados por John McEnroe, necesitan tres victorias para llevarse el t\u00edtulo por primera vez.<\/p>\n","protected":false},"excerpt":{"rendered":"<p>El tenista espa\u00f1ol Rafael Nadal anunci\u00f3 este domingo su retirada, por lesi\u00f3n en la mu\u00f1eca izquierda de la Copa Laver, el torneo que enfrenta a las selecciones de Europa y Resto del Mundo, lo que privar\u00e1 a los aficionados de verle jugar el encuentro de dobles junto a su rival y amigo el suizo Roger Federer.<\/p>\n","protected":false},"author":19,"featured_media":61169,"comment_status":"closed","ping_status":"closed","sticky":false,"template":"","format":"standard","meta":[],"categories":[2,60],"tags":[],"acf":[],"_links":{"self":[{"href":"https:\/\/colimdo.org\/wp-api\/wp\/v2\/posts\/61168"}],"collection":[{"href":"https:\/\/colimdo.org\/wp-api\/wp\/v2\/posts"}],"about":[{"href":"https:\/\/colimdo.org\/wp-api\/wp\/v2\/types\/post"}],"author":[{"embeddable":true,"href":"https:\/\/colimdo.org\/wp-api\/wp\/v2\/users\/19"}],"replies":[{"embeddable":true,"href":"https:\/\/colimdo.org\/wp-api\/wp\/v2\/comments?post=61168"}],"version-history":[{"count":2,"href":"https:\/\/colimdo.org\/wp-api\/wp\/v2\/posts\/61168\/revisions"}],"predecessor-version":[{"id":61177,"href":"https:\/\/colimdo.org\/wp-api\/wp\/v2\/posts\/61168\/revisions\/61177"}],"wp:featuredmedia":[{"embeddable":true,"href":"https:\/\/colimdo.org\/wp-api\/wp\/v2\/media\/61169"}],"wp:attachment":[{"href":"https:\/\/colimdo.org\/wp-api\/wp\/v2\/media?parent=61168"}],"wp:term":[{"taxonomy":"category","embeddable":true,"href":"https:\/\/colimdo.org\/wp-api\/wp\/v2\/categories?post=61168"},{"taxonomy":"post_tag","embeddable":true,"href":"https:\/\/colimdo.org\/wp-api\/wp\/v2\/tags?post=61168"}],"curies":[{"name":"wp","href":"https:\/\/api.w.org\/{rel}","templated":true}]}}