{"id":61180,"date":"2019-09-22T03:27:42","date_gmt":"2019-09-22T03:27:42","guid":{"rendered":"https:\/\/colimdo.org\/?p=61180"},"modified":"2019-09-22T20:34:46","modified_gmt":"2019-09-22T20:34:46","slug":"inicia-vi-clasico-tenis-mesa-mario-alvarez-soto","status":"publish","type":"post","link":"https:\/\/colimdo.org\/noticias\/inicia-vi-clasico-tenis-mesa-mario-alvarez-soto\/","title":{"rendered":"Inicia el VI Cl\u00e1sico de Tenis de Mesa Mario \u00c1lvarez Soto"},"content":{"rendered":"<p>HOY.- Fue inaugurado ayer el VI Cl\u00e1sico de Tenis de Mesa Mario \u00c1lvarez Soto, en el Club Naco, con la presencia de los mejores tenimestistas del pa\u00eds e invitados internacionales de gran renombre.<\/p>\n<p>El evento, en ambas ramas, concluye hoy en la noche donde saldr\u00e1n los campeones.<\/p>\n<p>El certamen esta siendo dedicado al ex-selecci\u00f3n nacional de Tenis de Mesa, el doctor Mag\u00edn D\u00edaz, actual incumbente de la Direcci\u00f3n General de Impuestos Internos (DGII).<\/p>\n<p>Las palabras de bienvenida las dio el inmortal del Deporte, Mario \u00c1lvarez Soto, quien agradeci\u00f3 la presencia de todos por seguir apoyando el Cl\u00e1sico que lleva su nombre.<\/p>\n<p>El evento cuenta con el patrocinador principal de R.H. Mej\u00eda &amp; Co, Hi Fi, Bepensa,a nombre de los productos Coca Cola y Powera.<\/p>\n<p>Luego, el licenciado Luis Mej\u00eda Oviedo dio la exhortaci\u00f3n ol\u00edmpica y afirm\u00f3 que un evento que lleve el nombre de Mario \u00c1lvarez Soto, \u201cun presidente del COD no puede faltar\u201d.<\/p>\n<p>\u201cUn aplauso para Emil Santos, un medallista Panamericano por estar accionando en la contienda\u201d, dijo Mej\u00eda.<\/p>\n<p>En la actividad estaba presente el presidente del Club Naco, doctor Luis Miguel Pou, Emil Alvarez, Rosanna Hernando de \u00c1lvarez, Rosanna Sosa, de la Escuela de Tenis de Mesa del Club Naco,<\/p>\n<p>Saque de honor. El saque de honor fue realizado por el doctor Magin D\u00edaz y le recibi\u00f3 el saque, su madre, do\u00f1a Lucita Domingo Viuda D\u00edaz. Tras el saque se confundieron en un abrazo fraterno ante el aplauso de todos los presentes.<\/p>\n<p>El doctor Magin D\u00edaz, Mario Alvarez, comparti\u00f3 por un buen rato con el presidente del Comit\u00e9 Ol\u00edmpico Dominicano, y miembro del Comit\u00e9 Ol\u00edmpico Internacional,Luis Mejia Oviedo, el doctor Lucho Pou, presidente del Club Deportivo Naco, y do\u00f1a Lucita Domingo Viuda D\u00edaz junto a un grupo de atletas de Tenis de Mesa.<\/p>\n<p>El doctor Luis Miguel Pou, junto a Mario Alvarez Soto, inmortal del Deporte y Rosanna Sosa, presidenta de la Escuela de Tenis de Mesa del Club Naco, entregaron el pasado martes una placa de reconocimiento al doctor Mag\u00edn D\u00edaz.<br \/>\nRosanna Sosa tuvo a su cargo valorar las condiciones humanas y profesionales del doctor Mag\u00edn D\u00edaz. Lo mismo hizo Francisco Boyero, Director de Deportes del Naco.<\/p>\n<p>El presidente del Club Naco, proclamo que todo estaba listo para recibir desde anoche y hoy s\u00e1bado a los atletas.<\/p>\n","protected":false},"excerpt":{"rendered":"<p>El certamen esta siendo dedicado al ex-selecci\u00f3n nacional de Tenis de Mesa, el doctor Mag\u00edn D\u00edaz, actual incumbente de la Direcci\u00f3n General de Impuestos Internos (DGII).<\/p>\n","protected":false},"author":19,"featured_media":61181,"comment_status":"closed","ping_status":"closed","sticky":false,"template":"","format":"standard","meta":[],"categories":[2,60],"tags":[],"acf":[],"_links":{"self":[{"href":"https:\/\/colimdo.org\/wp-api\/wp\/v2\/posts\/61180"}],"collection":[{"href":"https:\/\/colimdo.org\/wp-api\/wp\/v2\/posts"}],"about":[{"href":"https:\/\/colimdo.org\/wp-api\/wp\/v2\/types\/post"}],"author":[{"embeddable":true,"href":"https:\/\/colimdo.org\/wp-api\/wp\/v2\/users\/19"}],"replies":[{"embeddable":true,"href":"https:\/\/colimdo.org\/wp-api\/wp\/v2\/comments?post=61180"}],"version-history":[{"count":1,"href":"https:\/\/colimdo.org\/wp-api\/wp\/v2\/posts\/61180\/revisions"}],"predecessor-version":[{"id":61182,"href":"https:\/\/colimdo.org\/wp-api\/wp\/v2\/posts\/61180\/revisions\/61182"}],"wp:featuredmedia":[{"embeddable":true,"href":"https:\/\/colimdo.org\/wp-api\/wp\/v2\/media\/61181"}],"wp:attachment":[{"href":"https:\/\/colimdo.org\/wp-api\/wp\/v2\/media?parent=61180"}],"wp:term":[{"taxonomy":"category","embeddable":true,"href":"https:\/\/colimdo.org\/wp-api\/wp\/v2\/categories?post=61180"},{"taxonomy":"post_tag","embeddable":true,"href":"https:\/\/colimdo.org\/wp-api\/wp\/v2\/tags?post=61180"}],"curies":[{"name":"wp","href":"https:\/\/api.w.org\/{rel}","templated":true}]}}