{"id":61197,"date":"2019-09-23T00:48:01","date_gmt":"2019-09-23T00:48:01","guid":{"rendered":"https:\/\/colimdo.org\/?p=61197"},"modified":"2019-09-23T00:48:01","modified_gmt":"2019-09-23T00:48:01","slug":"yancarlos-marileidy-salen-al-mundial-atletismo-qatar","status":"publish","type":"post","link":"https:\/\/colimdo.org\/noticias\/yancarlos-marileidy-salen-al-mundial-atletismo-qatar\/","title":{"rendered":"Yancarlos y Marileidy salen al Mundial de Atletismo, Qatar"},"content":{"rendered":"<p>EL NUEVO DIARIO, SANTO DOMINGO.- Los atletas Marileidy Paulino y Yancarlos Mart\u00ednez viajar\u00e1n este lunes a Doha, Qatar, para participar en el Campeonato Mundial de Atletismo.<\/p>\n<p>Los representantes dominicanos en la cita universal competir\u00e1n en los 200 metros planos y van con la ilusi\u00f3n de conseguir las marcas m\u00ednimas requeridas para clasificar a los Juegos Ol\u00edmpicos del 2020, en Tokio, Jap\u00f3n.<\/p>\n<p>Viajaron acompa\u00f1ados por el entrenador, el cubano Yass\u00e9n P\u00e9rez y con Gerardo Suero Correa, como delegado t\u00e9cnico y representante de la rep\u00fablica Dominicana ante el Congreso Mundial de Federaci\u00f3n Internacional de Atletismo (IAAF).<\/p>\n<p>Suero Correa, quien preside la Federaci\u00f3n Dominicana de Asociaciones de Atletismo (FDAA), inform\u00f3 que el Mundial se disputar\u00e1 desde el 27 de este mes al 6 de octubre, en suelo qatar\u00ed.<\/p>\n<p>Agradeci\u00f3 el apoyo ofrecido a la delegaci\u00f3n para el viaje, por el Ministerio de Deportes, el programa Creando Sue\u00f1os Ol\u00edmpicos (CRESO) y de Solidaridad Ol\u00edmpica.<\/p>\n<p>\u201cM\u00e1s que ganar medalla, Marileidy y Yancarlos competir\u00e1n en 200 metros con objetivos son hacer las marcas necesarias que exige la IAAF para poder a clasificar a los Juegos Ol\u00edmpicos\u201d, dijo.<\/p>\n<p>Revel\u00f3 que para conseguir el boleto a las Olimp\u00edadas de Tokio 2020, la Federaci\u00f3n Internacional fij\u00f3 en 20.24 segundos la marca m\u00ednima en la rama masculina, mientras que la de las mujeres es de 22.80.<\/p>\n<p>Indic\u00f3 que los velocistas dominicanos tendr\u00e1n hasta el 29 de junio del a\u00f1o pr\u00f3ximo como l\u00edmite para buscar la clasificaci\u00f3n a los Juegos Ol\u00edmpicos. En ese sentido, asegur\u00f3 que Mart\u00ednez y Paulino tienen el potencial para conseguir el boleto en sus respectivas ramas.<\/p>\n<p>\u201cEllos no est\u00e1n lejos de las marcas requeridas y tendr\u00e1n mucho tiempo y m\u00faltiples eventos m\u00e1s desde aqu\u00ed hasta finales junio para intentarlo, lo de la calificaci\u00f3n a Tokio 2020\u201d, expres\u00f3 Gerardo Suero.<\/p>\n<p>Consider\u00f3 que no le sorprender\u00eda si lo logran ahora en Qatar, al afirmar que Yancarlos y Marileidy se encuentran en el pico de sus carreras y en facultades f\u00edsico-t\u00e9cnicas excepcionales. La joven es nativa de Peravia, Ban\u00ed y Mart\u00ednez, oriundo de San Crist\u00f3bal.<\/p>\n<p>Gerardo Suero dijo que la Federaci\u00f3n de Atletismo y los t\u00e9cnicos apuestan a que Yancarlos se convierte en el primer atleta de los 200 metros que corra la prueba por debajo de los 20 segundos, hizo que ya logr\u00f3 Paulino al ser la primera mujer dominicana que lo hizo por debajo de 23.0<\/p>\n<p>Mart\u00ednez viene de ganar la medalla de bronce en los Juegos panamericanos de Lima 2019, celebrados en Per\u00fa, donde registr\u00f3 20.44 en la final. Mientras que Marileidy ocup\u00f3 el quinto puesto en la final.<\/p>\n<p>Los atletas fueron despedidos por la Federaci\u00f3n de Atletismo, en un acto que encabezaron el presidente Suero Correa, el tesorero Ram\u00f3n Valdez (San Juan) y losl miembros directivos C\u00e1ndida Asencio, Radham\u00e9s Brea y Luis Emilio Morb\u00e1n.<\/p>\n","protected":false},"excerpt":{"rendered":"<p>Los representantes dominicanos en la cita universal competir\u00e1n en los 200 metros planos y van con la ilusi\u00f3n de conseguir las marcas m\u00ednimas requeridas para clasificar a los Juegos Ol\u00edmpicos del 2020, en Tokio, Jap\u00f3n.<\/p>\n","protected":false},"author":19,"featured_media":61198,"comment_status":"closed","ping_status":"closed","sticky":false,"template":"","format":"standard","meta":[],"categories":[2,60],"tags":[],"acf":[],"_links":{"self":[{"href":"https:\/\/colimdo.org\/wp-api\/wp\/v2\/posts\/61197"}],"collection":[{"href":"https:\/\/colimdo.org\/wp-api\/wp\/v2\/posts"}],"about":[{"href":"https:\/\/colimdo.org\/wp-api\/wp\/v2\/types\/post"}],"author":[{"embeddable":true,"href":"https:\/\/colimdo.org\/wp-api\/wp\/v2\/users\/19"}],"replies":[{"embeddable":true,"href":"https:\/\/colimdo.org\/wp-api\/wp\/v2\/comments?post=61197"}],"version-history":[{"count":1,"href":"https:\/\/colimdo.org\/wp-api\/wp\/v2\/posts\/61197\/revisions"}],"predecessor-version":[{"id":61199,"href":"https:\/\/colimdo.org\/wp-api\/wp\/v2\/posts\/61197\/revisions\/61199"}],"wp:featuredmedia":[{"embeddable":true,"href":"https:\/\/colimdo.org\/wp-api\/wp\/v2\/media\/61198"}],"wp:attachment":[{"href":"https:\/\/colimdo.org\/wp-api\/wp\/v2\/media?parent=61197"}],"wp:term":[{"taxonomy":"category","embeddable":true,"href":"https:\/\/colimdo.org\/wp-api\/wp\/v2\/categories?post=61197"},{"taxonomy":"post_tag","embeddable":true,"href":"https:\/\/colimdo.org\/wp-api\/wp\/v2\/tags?post=61197"}],"curies":[{"name":"wp","href":"https:\/\/api.w.org\/{rel}","templated":true}]}}