{"id":61233,"date":"2019-09-23T18:25:09","date_gmt":"2019-09-23T18:25:09","guid":{"rendered":"https:\/\/colimdo.org\/?p=61233"},"modified":"2019-09-23T18:25:30","modified_gmt":"2019-09-23T18:25:30","slug":"cod-federaciones-trabajan-elaboracion-presupuesto-tokio-2020","status":"publish","type":"post","link":"https:\/\/colimdo.org\/noticias\/cod-federaciones-trabajan-elaboracion-presupuesto-tokio-2020\/","title":{"rendered":"COD y federaciones trabajan en elaboraci\u00f3n presupuesto Tokio 2020"},"content":{"rendered":"<p><strong>SANTO DOMINGO. <\/strong>Con el objetivo de elaborar el presupuesto de cara a los Juegos Ol\u00edmpicos de Tokio 2020, el Comit\u00e9 Ol\u00edmpico Dominicano (COD) llev\u00f3 a cabo el primer encuentro con las federaciones deportivas nacionales que tienen posibilidades de asistir a la cita deportiva.<\/p>\n<p>El encuentro, celebrado en el sal\u00f3n Juan Ulises Garc\u00eda Saleta este lunes, presidentes de federaciones y delegados t\u00e9cnicos expusieron sus respectivos programas de participaci\u00f3n en eventos internacionales clasificatorios para los Juegos Ol\u00edmpicos.<\/p>\n<p>Adem\u00e1s, cada federaci\u00f3n dio a conocer el nivel en que se encuentran el o los atletas de su deporte para obtener la o las plazas para el certamen que tendr\u00e1 lugar el pr\u00f3ximo a\u00f1o en Jap\u00f3n.<\/p>\n<p>\u201cTenemos que hacer el programa y establecer el presupuesto para los Juegos Ol\u00edmpicos de Tokio 2020\u201d, se\u00f1al\u00f3 Luis Mej\u00eda, presidente del COD.<\/p>\n<p>El m\u00e1ximo directivo del COD solicit\u00f3 a cada federaci\u00f3n presentar por escrito el programa de actividades con su respectivo presupuesto, para ser incluido este mes al Ministerio de Deportes con el objetivo de que sean incluidos en el presupuesto del pr\u00f3ximo a\u00f1o para los Juegos Ol\u00edmpicos.<\/p>\n<p>Mej\u00eda record\u00f3 que luego del listado de clasificados para los Juegos Ol\u00edmpicos, el comit\u00e9 ejecutivo del COD determinar\u00e1 los atletas que ir\u00e1n a Tokio.<\/p>\n<p>El presidente del COD adelant\u00f3 que el pr\u00f3ximo 9 de octubre, en la reuni\u00f3n con ministro de deportes, Danilo D\u00edaz Vizca\u00edno, se le har\u00e1 la presentaci\u00f3n del presupuesto.<\/p>\n<p>Indic\u00f3 que el Gobierno cierra su presupuesto en septiembre y que, por esa raz\u00f3n, se le har\u00e1 la propuesta para que el monto o la partida a destinar para la partici\u00f3n del pa\u00eds en Tokio 2020 sea incluido para el pr\u00f3ximo a\u00f1o.<\/p>\n<p>El presupuesto tambi\u00e9n ser\u00e1 presentado el pr\u00f3ximo lunes 30 de este mes en la asamblea general ordinario del COD, pautada para las 10:00 de la ma\u00f1ana en el Sal\u00f3n Juan Ulises Garc\u00eda Saleta.<\/p>\n<p>Entre los deportes que expusieron sus respectivos programas de participaci\u00f3n en eventos clasificatorios y que dieron a conocer sus posibilidades de clasificaci\u00f3n para Tokio 2020 estuvieron: karate, judo, lucha, nataci\u00f3n, tiro con arco, patinaje, taekwondo, boxeo, ecuestre, f\u00fatbol, esgrima y atletismo.<\/p>\n","protected":false},"excerpt":{"rendered":"<p>Presidentes y delegados t\u00e9cnicos de federaciones expusieron sus programas de clasificaci\u00f3n, as\u00ed como los eventos de preparaci\u00f3n este lunes.<\/p>\n","protected":false},"author":13,"featured_media":61234,"comment_status":"closed","ping_status":"closed","sticky":false,"template":"","format":"standard","meta":[],"categories":[2,60],"tags":[],"acf":[],"_links":{"self":[{"href":"https:\/\/colimdo.org\/wp-api\/wp\/v2\/posts\/61233"}],"collection":[{"href":"https:\/\/colimdo.org\/wp-api\/wp\/v2\/posts"}],"about":[{"href":"https:\/\/colimdo.org\/wp-api\/wp\/v2\/types\/post"}],"author":[{"embeddable":true,"href":"https:\/\/colimdo.org\/wp-api\/wp\/v2\/users\/13"}],"replies":[{"embeddable":true,"href":"https:\/\/colimdo.org\/wp-api\/wp\/v2\/comments?post=61233"}],"version-history":[{"count":1,"href":"https:\/\/colimdo.org\/wp-api\/wp\/v2\/posts\/61233\/revisions"}],"predecessor-version":[{"id":61235,"href":"https:\/\/colimdo.org\/wp-api\/wp\/v2\/posts\/61233\/revisions\/61235"}],"wp:featuredmedia":[{"embeddable":true,"href":"https:\/\/colimdo.org\/wp-api\/wp\/v2\/media\/61234"}],"wp:attachment":[{"href":"https:\/\/colimdo.org\/wp-api\/wp\/v2\/media?parent=61233"}],"wp:term":[{"taxonomy":"category","embeddable":true,"href":"https:\/\/colimdo.org\/wp-api\/wp\/v2\/categories?post=61233"},{"taxonomy":"post_tag","embeddable":true,"href":"https:\/\/colimdo.org\/wp-api\/wp\/v2\/tags?post=61233"}],"curies":[{"name":"wp","href":"https:\/\/api.w.org\/{rel}","templated":true}]}}