{"id":61244,"date":"2019-09-23T18:24:33","date_gmt":"2019-09-23T18:24:33","guid":{"rendered":"https:\/\/colimdo.org\/?p=61244"},"modified":"2019-09-23T19:08:38","modified_gmt":"2019-09-23T19:08:38","slug":"windsurfista-samuel-perez-buscara-plaza-olimpica-rd-lago-garda","status":"publish","type":"post","link":"https:\/\/colimdo.org\/noticias\/windsurfista-samuel-perez-buscara-plaza-olimpica-rd-lago-garda\/","title":{"rendered":"Windsurfista Samuel P\u00e9rez buscar\u00e1 plaza ol\u00edmpica para RD en el lago de Garda"},"content":{"rendered":"<p>EL NUEVO DIARIO, REDACCI\u00d3N INTERNACIONAL.- Regatistas de M\u00e9xico, Brasil, Per\u00fa, Venezuela, Rep\u00fablica Dominicana y Argentina echar\u00e1n este martes su tabla a las aguas del lago de Garda, en la localidad italiana de Torbole, para disputar los campeonatos del mundo de RS:X (\u2018windsurf\u2019), que, adem\u00e1s de los t\u00edtulos universales, repartir\u00e1n 8 plazas masculinas y 9 femeninas para los Juegos de Tokio 2020.<\/p>\n<p>El podio femenino al completo de los Juegos Panamericanos de Lima pelear\u00e1 contra el viento por lograr el pasaporte ol\u00edmpico, en una clase que no fue clasificatoria en la cita continental.<\/p>\n<p>La brasile\u00f1a Patricia Freitas, la argentina Cecilia Tejerina y la peruana Mar\u00eda Bel\u00e9n Bazo, oro, plata y bronce en Lima, figuran entre la n\u00f3mina de inscritas, al igual que las mexicanas Demita Vega, Mariana Aguilar y Cristina Ortiz y las tambi\u00e9n brasile\u00f1as Bruna Mello y Giovanna Prada.<\/p>\n<p>En la competici\u00f3n masculina el \u00fanico representante del podio panamericano ser\u00e1 el estadounidense Pedro Pascual, subcampe\u00f3n en Lima. La representaci\u00f3n latinoamericana estar\u00e1 a cargo de los mexicanos Ignacio Berenguer, Crist\u00f3bal Hagerman y Juan Bosco Varela, el dominicano Samuel P\u00e9rez y el venezolano Daniel Flores, si bien este tiene pendiente el pago de la cuota de inscripci\u00f3n.<\/p>\n<p>Se disputar\u00e1n un m\u00e1ximo de doce series de regatas entre el martes y el viernes, mientras que el s\u00e1bado se reservar\u00e1 para la \u2018medal race\u2019, que punt\u00faa doble y re\u00fane a los diez mejores de las series.<\/p>\n<p>Participan 244 regatistas, 107 mujeres y 137 hombres, de 47 nacionalidades.<\/p>\n<p>Las plazas ol\u00edmpicas que se asignen no ser\u00e1n nominales, sino para el pa\u00eds, que establece sus propios criterios de selecci\u00f3n interna para designar al competidor ol\u00edmpico.<\/p>\n<p>En la prueba masculina el holand\u00e9s Dorian van Rijsselberghe, doble campe\u00f3n ol\u00edmpico y campe\u00f3n mundial en 2018, parte como favorito ante su compatriota Kiran Badloe, subcampe\u00f3n mundial y campe\u00f3n de Europa.<\/p>\n<p>En la femenina se espera un gran duelo entre la holandesa Lilian de Geus, la vigente campeona ol\u00edmpica francesa Charline Picon y la brit\u00e1nica Emma Wilson.<\/p>\n<p>En los Mundiales de 2018 obtuvieron plaza ol\u00edmpica en hombres Holanda, Francia, Gran Breta\u00f1a, Polonia, Italia, Grecia, China, Espa\u00f1a, Israel y Noruega; y en mujeres Holanda, Francia, China, Gran Breta\u00f1a, Polonia, Italia, Israel, Espa\u00f1a, Dinamarca, Rusia y Estonia. En ambos casos Jap\u00f3n tambi\u00e9n tiene un cupo asegurado como pa\u00eds local.<\/p>\n<p>Los windsurfistas americanos que no logren su plaza ol\u00edmpica en estos Mundiales tendr\u00e1n una \u00faltima oportunidad en los torneos clasificatorios de 2020, aunque solo habr\u00e1 un billete m\u00e1s para hombres y otro para mujeres en Norteam\u00e9rica y otros tantos en Sudam\u00e9rica.<\/p>\n","protected":false},"excerpt":{"rendered":"<p>El podio femenino al completo de los Juegos Panamericanos de Lima pelear\u00e1 contra el viento por lograr el pasaporte ol\u00edmpico, en una clase que no fue clasificatoria en la cita continental.<\/p>\n","protected":false},"author":19,"featured_media":61245,"comment_status":"closed","ping_status":"closed","sticky":false,"template":"","format":"standard","meta":[],"categories":[2,60],"tags":[],"acf":[],"_links":{"self":[{"href":"https:\/\/colimdo.org\/wp-api\/wp\/v2\/posts\/61244"}],"collection":[{"href":"https:\/\/colimdo.org\/wp-api\/wp\/v2\/posts"}],"about":[{"href":"https:\/\/colimdo.org\/wp-api\/wp\/v2\/types\/post"}],"author":[{"embeddable":true,"href":"https:\/\/colimdo.org\/wp-api\/wp\/v2\/users\/19"}],"replies":[{"embeddable":true,"href":"https:\/\/colimdo.org\/wp-api\/wp\/v2\/comments?post=61244"}],"version-history":[{"count":1,"href":"https:\/\/colimdo.org\/wp-api\/wp\/v2\/posts\/61244\/revisions"}],"predecessor-version":[{"id":61246,"href":"https:\/\/colimdo.org\/wp-api\/wp\/v2\/posts\/61244\/revisions\/61246"}],"wp:featuredmedia":[{"embeddable":true,"href":"https:\/\/colimdo.org\/wp-api\/wp\/v2\/media\/61245"}],"wp:attachment":[{"href":"https:\/\/colimdo.org\/wp-api\/wp\/v2\/media?parent=61244"}],"wp:term":[{"taxonomy":"category","embeddable":true,"href":"https:\/\/colimdo.org\/wp-api\/wp\/v2\/categories?post=61244"},{"taxonomy":"post_tag","embeddable":true,"href":"https:\/\/colimdo.org\/wp-api\/wp\/v2\/tags?post=61244"}],"curies":[{"name":"wp","href":"https:\/\/api.w.org\/{rel}","templated":true}]}}