{"id":61250,"date":"2019-09-24T00:04:10","date_gmt":"2019-09-24T00:04:10","guid":{"rendered":"https:\/\/colimdo.org\/?p=61250"},"modified":"2019-09-24T00:04:24","modified_gmt":"2019-09-24T00:04:24","slug":"lionel-messi-se-queda-the-best-mejor-jugador-del-ano","status":"publish","type":"post","link":"https:\/\/colimdo.org\/noticias\/lionel-messi-se-queda-the-best-mejor-jugador-del-ano\/","title":{"rendered":"Lionel Messi se queda con el \u201cThe Best\u201d a mejor jugador del a\u00f1o"},"content":{"rendered":"<p><strong>Mil\u00e1n (Italia). EFE. <\/strong>El argentino Lionel\u00a0Messi, delantero del Barcelona, gan\u00f3 este lunes en Mil\u00e1n el premio FIFA \u201cThe Best\u201d a mejor jugador de la \u00faltima temporada, tras conquistar la Liga espa\u00f1ola y marcar 51 goles en 50 partidos.<br \/>\nMessi\u00a0triunf\u00f3 por delante del portugu\u00e9s Cristiano Ronaldo, del Juventus, y del defensa holand\u00e9s Virgil Van Dijk, del Liverpool, en una gala celebrada en el hist\u00f3rico teatro La Scala de Mil\u00e1n.<\/p>\n<p>El argentino recibi\u00f3 el primer premio \u201cThe Best\u201d de su carrera de manos del presidente de la FIFA, el suizo Gianni Infantino, y sucedi\u00f3 al croata del Real Madrid Luka Modric, que hab\u00eda ganado en 2018.<\/p>\n<p>\u201cAntes que nada quiero agradecer a todos los que decidieron que este reconocimiento sea para m\u00ed. La verdad que siempre pienso en lo lindo que son estos reconocimientos, aunque para m\u00ed los premios individuales son secundarios, vienen primero los colectivos\u201d, afirm\u00f3\u00a0Messi\u00a0tras recibir el galard\u00f3n.<\/p>\n<p>El argentino tambi\u00e9n expres\u00f3 su alegr\u00eda por compartir este momento junto a su familia, con su mujer Antonella Roccuzzo y dos de sus tres hijos.<\/p>\n<p>El n\u00famero 10 del Barcelona fue uno de los m\u00e1s aplaudidos, en una gala a la que no acudi\u00f3 por segundo a\u00f1o consecutivo Cristiano Ronaldo, que sufri\u00f3 una lesi\u00f3n de abductores que le impedir\u00e1 disputar el duelo liguero del Juventus contra el Brescia previsto para este martes.<\/p>\n<p><strong>\u00a0<\/strong><strong>Lionel Messi dio este mensaje al recibir el premio al mejor jugador de la temporada 2018-2019<\/strong>\u00a0y, emocionado, esto es lo que dijo luego de ser elegido por sobre Cristiano Ronaldo y Van Dikk: &#8220;Tengo la suerte de tener sentado a mi mujer y a dos de mis tres hijos. Es la primera vez que est\u00e1n ac\u00e1, si bien Tiago estuvo en una de estas galas, era muy chiquito y no recuerda nada. Verlo ah\u00ed\u00a0y disfrutar de este momento con ellos es algo \u00fanico y no tiene precio. Son dos enamorados del f\u00fatbol y est\u00e1n eloquecidos viendo a todos, no saben si saludar, si pedir fotos. Hoy para m\u00ed es una noche y un d\u00eda extraordinario, compartirlo con ellos, y con Ciro que se qued\u00f3 en casa porque con los tres\u00a0era complicado venir. Gracias a todos nuevamente&#8221;.<\/p>\n<p>&nbsp;<\/p>\n<p>&nbsp;<\/p>\n<p>&nbsp;<\/p>\n<p>&nbsp;<\/p>\n<p>&nbsp;<\/p>\n<p>&nbsp;<\/p>\n","protected":false},"excerpt":{"rendered":"<p>El jugador del Barcelona triunf\u00f3 por delante del portugu\u00e9s Cristiano Ronaldo, del Juventus, y del defensa holand\u00e9s Virgil Van Dijk, del Liverpool este lunes.<\/p>\n","protected":false},"author":13,"featured_media":61251,"comment_status":"closed","ping_status":"closed","sticky":false,"template":"","format":"standard","meta":[],"categories":[2,60],"tags":[],"acf":[],"_links":{"self":[{"href":"https:\/\/colimdo.org\/wp-api\/wp\/v2\/posts\/61250"}],"collection":[{"href":"https:\/\/colimdo.org\/wp-api\/wp\/v2\/posts"}],"about":[{"href":"https:\/\/colimdo.org\/wp-api\/wp\/v2\/types\/post"}],"author":[{"embeddable":true,"href":"https:\/\/colimdo.org\/wp-api\/wp\/v2\/users\/13"}],"replies":[{"embeddable":true,"href":"https:\/\/colimdo.org\/wp-api\/wp\/v2\/comments?post=61250"}],"version-history":[{"count":1,"href":"https:\/\/colimdo.org\/wp-api\/wp\/v2\/posts\/61250\/revisions"}],"predecessor-version":[{"id":61252,"href":"https:\/\/colimdo.org\/wp-api\/wp\/v2\/posts\/61250\/revisions\/61252"}],"wp:featuredmedia":[{"embeddable":true,"href":"https:\/\/colimdo.org\/wp-api\/wp\/v2\/media\/61251"}],"wp:attachment":[{"href":"https:\/\/colimdo.org\/wp-api\/wp\/v2\/media?parent=61250"}],"wp:term":[{"taxonomy":"category","embeddable":true,"href":"https:\/\/colimdo.org\/wp-api\/wp\/v2\/categories?post=61250"},{"taxonomy":"post_tag","embeddable":true,"href":"https:\/\/colimdo.org\/wp-api\/wp\/v2\/tags?post=61250"}],"curies":[{"name":"wp","href":"https:\/\/api.w.org\/{rel}","templated":true}]}}