{"id":61259,"date":"2019-09-24T00:31:00","date_gmt":"2019-09-24T00:31:00","guid":{"rendered":"https:\/\/colimdo.org\/?p=61259"},"modified":"2019-09-24T00:31:12","modified_gmt":"2019-09-24T00:31:12","slug":"la-delantera-megan-rapinoe-recibe-premio-fifa-the-best","status":"publish","type":"post","link":"https:\/\/colimdo.org\/noticias\/la-delantera-megan-rapinoe-recibe-premio-fifa-the-best\/","title":{"rendered":"La delantera Megan Rapinoe recibe el premio FIFA \u201cThe Best\u201d"},"content":{"rendered":"<p><strong>MIL\u00c1N. EFE<\/strong>. La estadounidense Megan Rapinoe fue condecorada este lunes en Mil\u00e1n con el premio FIFA \u201cThe Best\u201d a mejor jugadora de la \u00faltima temporada, en la que hizo historia al conquistar el Mundial de f\u00fatbol en Francia.<\/p>\n<p>Rapinoe, mejor jugadora y m\u00e1xima goleadora del Mundial franc\u00e9s, triunf\u00f3 por delante de su compatriota Alex Morgan, del Orlando, y de la inglesa Lucy Bronze, del Olympique Lyon.<\/p>\n<p>La delantera de Estados Unidos mostr\u00f3 su agradecimiento a todas sus compa\u00f1eras y aprovech\u00f3 su discurso, ante un p\u00fablico compuesto por la elite del f\u00fatbol mundial, para enviar un contundente mensaje contra las discriminaciones.<\/p>\n<p>\u201cHa sido un a\u00f1o incre\u00edble para el f\u00fatbol de las mujeres. Lo siento por quienes se hayan dado cuenta solo en este momento, lleg\u00e1is un poco tarde, pero os perdonamos\u201d, afirm\u00f3 Rapinoe, tras recibir el premio \u00b7The Best\u00b7 de manos del presidente de la FIFA, Gianni Infantino.<\/p>\n<p>\u201cHay algunas historias que son las que m\u00e1s me inspiraron. Fueron las de (el ingl\u00e9s Raheem) Sterling y de (el senegal\u00e9s, Kalidou) Koulibaly, por la manera en la que encararon los asquerosos casos de racismo\u201d, prosigui\u00f3.<\/p>\n<p>La jugadora estadounidense apel\u00f3 al peso que las estrellas del f\u00fatbol que estuvieron en la gala de la FIFA en el Teatro La Scala de Mil\u00e1n para animarles a que levanten la voz contra el racismo.<\/p>\n<p>\u201cLas historias de Sterling y de Koulibaly me inspiran, aunque tambi\u00e9n me hacen sentir un poco triste. Pero si queremos un cambio, todos los dem\u00e1s futbolistas deben levantar la voz contra el racismo\u201d, subray\u00f3.<\/p>\n<p>\u201cTenemos una gran oportunidad al ser profesionales, tenemos mucho \u00e9xitos, contamos con grandes vitrinas. Compartid vuestro \u00e9xito. Podemos usar este magn\u00edfico juego para cambiar el mundo para mejor\u201d, agreg\u00f3.<\/p>\n","protected":false},"excerpt":{"rendered":"<p>Tras conquistar el Mundial Femenino de F\u00fatbol en Francia en la que fue la mejor jugadora y m\u00e1xima goleadora, la estadounidense recibi\u00f3 la distinci\u00f3n este lunes.<\/p>\n","protected":false},"author":13,"featured_media":61260,"comment_status":"closed","ping_status":"closed","sticky":false,"template":"","format":"standard","meta":[],"categories":[2,60],"tags":[],"acf":[],"_links":{"self":[{"href":"https:\/\/colimdo.org\/wp-api\/wp\/v2\/posts\/61259"}],"collection":[{"href":"https:\/\/colimdo.org\/wp-api\/wp\/v2\/posts"}],"about":[{"href":"https:\/\/colimdo.org\/wp-api\/wp\/v2\/types\/post"}],"author":[{"embeddable":true,"href":"https:\/\/colimdo.org\/wp-api\/wp\/v2\/users\/13"}],"replies":[{"embeddable":true,"href":"https:\/\/colimdo.org\/wp-api\/wp\/v2\/comments?post=61259"}],"version-history":[{"count":1,"href":"https:\/\/colimdo.org\/wp-api\/wp\/v2\/posts\/61259\/revisions"}],"predecessor-version":[{"id":61261,"href":"https:\/\/colimdo.org\/wp-api\/wp\/v2\/posts\/61259\/revisions\/61261"}],"wp:featuredmedia":[{"embeddable":true,"href":"https:\/\/colimdo.org\/wp-api\/wp\/v2\/media\/61260"}],"wp:attachment":[{"href":"https:\/\/colimdo.org\/wp-api\/wp\/v2\/media?parent=61259"}],"wp:term":[{"taxonomy":"category","embeddable":true,"href":"https:\/\/colimdo.org\/wp-api\/wp\/v2\/categories?post=61259"},{"taxonomy":"post_tag","embeddable":true,"href":"https:\/\/colimdo.org\/wp-api\/wp\/v2\/tags?post=61259"}],"curies":[{"name":"wp","href":"https:\/\/api.w.org\/{rel}","templated":true}]}}