{"id":61283,"date":"2019-09-24T20:33:43","date_gmt":"2019-09-24T20:33:43","guid":{"rendered":"https:\/\/colimdo.org\/?p=61283"},"modified":"2019-09-25T16:44:09","modified_gmt":"2019-09-25T16:44:09","slug":"cod-tendra-encuentro-dirigentes-del-club-las-cienegas","status":"publish","type":"post","link":"https:\/\/colimdo.org\/noticias\/cod-tendra-encuentro-dirigentes-del-club-las-cienegas\/","title":{"rendered":"COD tendr\u00e1 encuentro con dirigentes del club Las Ci\u00e9nega"},"content":{"rendered":"<p>SANTO DOMINGO.- El club deportivo, social y cultural Las Ci\u00e9negas anunci\u00f3 la conmemoraci\u00f3n de su XXV aniversario con la celebraci\u00f3n de una amplia gama de actividades que incluye un encuentro con la c\u00fapula dirigencial del Comit\u00e9 Ol\u00edmpico Dominicano.<\/p>\n<p>Los festejos aniversarios tambi\u00e9n prev\u00e9n la celebraci\u00f3n de un torneo de baloncesto interclubes, categor\u00eda Sub 19, con la participaci\u00f3n de equipos representativos de 15 clubes de diferentes sectores de esta capital.<\/p>\n<p>La informaci\u00f3n fue ofrecida por Edwin Javier Castillo, presidente del club Las Ci\u00e9negas, quien subray\u00f3 que el encuentro con los m\u00e1ximos dirigentes ol\u00edmpicos ser\u00e1 el mi\u00e9rcoles, 30 de octubre, mientras que el torneo inicia este mi\u00e9rcoles, 25 de septiembre.<\/p>\n<p>La coordinaci\u00f3n del encuentro est\u00e1 a cargo de Luis Chanlatte, vicepresidente del Comit\u00e9 Ol\u00edmpico Dominicano (COD). El encuentro ser\u00e1 a las 11:00 de la ma\u00f1ana, en la plazoleta de Las Ci\u00e9negas.<\/p>\n<p>Javier Castillo, quien junto a otros directivos del club deportivo, social y cultural Las Ci\u00e9negas, visitaron al presidente del COD, Luis Mej\u00eda, dijo que todo est\u00e1 preparado para los festejos aniversario de la entidad.<\/p>\n<p>\u201cHay un gran entusiasmo en la comunidad porque es la primera vez que vamos a tener actividades de esta magnitud\u201d, puntualiz\u00f3 Javier Castillo, a trav\u00e9s de una nota de la Oficina de Prensa del COD.<\/p>\n<p>En el torneo tomar\u00e1n parte equipos representativos de los clubes San L\u00e1zaro, San Carlos, Barrio Mejoramiento Social, Villa Francisca, Rosa Duarte, Los Gladiadores, Rafael Leonidas Solano, Renacer, Mar\u00eda Auxiliadora y Libertador Sim\u00f3n Bol\u00edvar.<\/p>\n<p>Tambi\u00e9n accionar\u00e1n en el torneo equipos de los clubes de Las Ca\u00f1itas, Alonso Perdomo, Sembrando El Futuro, Rafael Barias y los anfitriones de Las Ci\u00e9negas.<\/p>\n<p>Seg\u00fan el programa de actividades, tambi\u00e9n se incluyen otros eventos deportivos, sociales y culturales.<\/p>\n","protected":false},"excerpt":{"rendered":"<p>Los festejos aniversarios tambi\u00e9n prev\u00e9n la celebraci\u00f3n de un torneo de baloncesto interclubes, categor\u00eda Sub 19, con la participaci\u00f3n de equipos representativos de 15 clubes de diferentes sectores de esta capital.<\/p>\n","protected":false},"author":19,"featured_media":61285,"comment_status":"closed","ping_status":"closed","sticky":false,"template":"","format":"standard","meta":[],"categories":[2,60],"tags":[],"acf":[],"_links":{"self":[{"href":"https:\/\/colimdo.org\/wp-api\/wp\/v2\/posts\/61283"}],"collection":[{"href":"https:\/\/colimdo.org\/wp-api\/wp\/v2\/posts"}],"about":[{"href":"https:\/\/colimdo.org\/wp-api\/wp\/v2\/types\/post"}],"author":[{"embeddable":true,"href":"https:\/\/colimdo.org\/wp-api\/wp\/v2\/users\/19"}],"replies":[{"embeddable":true,"href":"https:\/\/colimdo.org\/wp-api\/wp\/v2\/comments?post=61283"}],"version-history":[{"count":2,"href":"https:\/\/colimdo.org\/wp-api\/wp\/v2\/posts\/61283\/revisions"}],"predecessor-version":[{"id":61320,"href":"https:\/\/colimdo.org\/wp-api\/wp\/v2\/posts\/61283\/revisions\/61320"}],"wp:featuredmedia":[{"embeddable":true,"href":"https:\/\/colimdo.org\/wp-api\/wp\/v2\/media\/61285"}],"wp:attachment":[{"href":"https:\/\/colimdo.org\/wp-api\/wp\/v2\/media?parent=61283"}],"wp:term":[{"taxonomy":"category","embeddable":true,"href":"https:\/\/colimdo.org\/wp-api\/wp\/v2\/categories?post=61283"},{"taxonomy":"post_tag","embeddable":true,"href":"https:\/\/colimdo.org\/wp-api\/wp\/v2\/tags?post=61283"}],"curies":[{"name":"wp","href":"https:\/\/api.w.org\/{rel}","templated":true}]}}