{"id":61307,"date":"2019-09-25T15:58:59","date_gmt":"2019-09-25T15:58:59","guid":{"rendered":"https:\/\/colimdo.org\/?p=61307"},"modified":"2019-09-25T15:58:59","modified_gmt":"2019-09-25T15:58:59","slug":"kyrie-irving-recibio-codazo-la-cabeza-lo-saco-juego","status":"publish","type":"post","link":"https:\/\/colimdo.org\/noticias\/kyrie-irving-recibio-codazo-la-cabeza-lo-saco-juego\/","title":{"rendered":"Kyrie Irving recibi\u00f3 codazo en la cabeza que lo sac\u00f3 de juego"},"content":{"rendered":"<p>EL NACIONAL.- La cabeza de Kyrie Irving absorbi\u00f3 un codo durante un juego de recolecci\u00f3n ayer por la ma\u00f1ana en las instalaciones de pr\u00e1ctica de la Red, lo que provoc\u00f3 que el armador visitara<br \/>\na un m\u00e9dico del equipo.<\/p>\n<p>El GM Sean Marks fue testigo de la lesi\u00f3n y minimiz\u00f3 la gravedad, diciendo que el equipo solo estaba siendo precavido. Irving fue acompa\u00f1ado al m\u00e9dico por el entrenador Kenny Atkinson, quien casualmente estaba programado para celebrar su conferencia de prensa de pretemporada el martes por la tarde y tuvo que cancelar.<\/p>\n<p>\u201cKyrie es revisado como todos los dem\u00e1s\u201d, dijo Marks. \u201cSiempre enviamos personal con ellos (al m\u00e9dico) y esta es una gran oportunidad para que Kenny est\u00e9 con \u00e9l\u201d.<\/p>\n<p>Marks se neg\u00f3 a describir la escena del codo o si extra\u00eda sangre. M\u00e1s tarde, Atkinson dijo a los periodistas en las instalaciones que su preciado armador estaba \u201cbien\u201d. Irving ha estado entrenando en las instalaciones de Brooklyn durante semanas, y anteriormente se pele\u00f3 con sus nuevos compa\u00f1eros de equipo en California durante el verano.<\/p>\n<p>\u201cEl liderazgo, la \u00e9tica de trabajo y la naturaleza competitiva que ha aportado al grupo ha sido excelente\u201d, dijo Marks.<br \/>\nSi est\u00e1 disponible para el D\u00eda de los Medios el viernes, Irving har\u00e1 sus primeros comentarios p\u00fablicos desde que firm\u00f3 con los Nets en un contrato de cuatro a\u00f1os y $ 141 millones. Tal vez tambi\u00e9n tenga algunos puntos. Esperemos que no sea una fractura o conmoci\u00f3n cerebral.<\/p>\n<p>Los Nets est\u00e1n apostando a Irving para rejuvenecer su carrera despu\u00e9s de dos temporadas de monta\u00f1a rusa en Boston. Llega con problemas de lesiones debido a dos cirug\u00edas de rodilla desde 2015, y preguntas sobre su liderazgo despu\u00e9s de la desintegraci\u00f3n del vestuario de los Celtics (una fuente cercana a los Celtics dijo que Irving no fue la causa del cultivo t\u00f3xico, a pesar de que absorbi\u00f3 la mayor parte de La culpa p\u00fablica).<\/p>\n","protected":false},"excerpt":{"rendered":"<p>La cabeza de Kyrie Irving absorbi\u00f3 un codo durante un juego de recolecci\u00f3n ayer por la ma\u00f1ana en las instalaciones de pr\u00e1ctica de la Red, lo que provoc\u00f3 que el armador visitara<br \/>\na un m\u00e9dico del equipo.<\/p>\n","protected":false},"author":19,"featured_media":61308,"comment_status":"closed","ping_status":"closed","sticky":false,"template":"","format":"standard","meta":[],"categories":[2,60],"tags":[],"acf":[],"_links":{"self":[{"href":"https:\/\/colimdo.org\/wp-api\/wp\/v2\/posts\/61307"}],"collection":[{"href":"https:\/\/colimdo.org\/wp-api\/wp\/v2\/posts"}],"about":[{"href":"https:\/\/colimdo.org\/wp-api\/wp\/v2\/types\/post"}],"author":[{"embeddable":true,"href":"https:\/\/colimdo.org\/wp-api\/wp\/v2\/users\/19"}],"replies":[{"embeddable":true,"href":"https:\/\/colimdo.org\/wp-api\/wp\/v2\/comments?post=61307"}],"version-history":[{"count":1,"href":"https:\/\/colimdo.org\/wp-api\/wp\/v2\/posts\/61307\/revisions"}],"predecessor-version":[{"id":61309,"href":"https:\/\/colimdo.org\/wp-api\/wp\/v2\/posts\/61307\/revisions\/61309"}],"wp:featuredmedia":[{"embeddable":true,"href":"https:\/\/colimdo.org\/wp-api\/wp\/v2\/media\/61308"}],"wp:attachment":[{"href":"https:\/\/colimdo.org\/wp-api\/wp\/v2\/media?parent=61307"}],"wp:term":[{"taxonomy":"category","embeddable":true,"href":"https:\/\/colimdo.org\/wp-api\/wp\/v2\/categories?post=61307"},{"taxonomy":"post_tag","embeddable":true,"href":"https:\/\/colimdo.org\/wp-api\/wp\/v2\/tags?post=61307"}],"curies":[{"name":"wp","href":"https:\/\/api.w.org\/{rel}","templated":true}]}}