{"id":61321,"date":"2019-09-25T17:07:42","date_gmt":"2019-09-25T17:07:42","guid":{"rendered":"https:\/\/colimdo.org\/?p=61321"},"modified":"2019-09-25T17:07:42","modified_gmt":"2019-09-25T17:07:42","slug":"pilotos-extranjeros-invadiran-batalla-drift-rd","status":"publish","type":"post","link":"https:\/\/colimdo.org\/noticias\/pilotos-extranjeros-invadiran-batalla-drift-rd\/","title":{"rendered":"Pilotos extranjeros invadir\u00e1n batalla de Drift RD"},"content":{"rendered":"<p><strong>EL NUEVO DIARIO, SANTO DOMINGO.-<\/strong> Ser\u00e1n cinco los pilotos que vendr\u00e1n de Puerto Rico y Costa Rica para estar presente en la batalla campal que se espera en el tercer round de la Serie Dominicana de Drift este pr\u00f3ximo domingo 29 en el Aut\u00f3dromo Las Am\u00e9ricas.<\/p>\n<p>El boricua Alexis Correa regresa al pa\u00eds y por primera vez correr\u00e1 en la categor\u00eda PRO de Drift local, se unir\u00e1 a los veteranos puertorrique\u00f1os Luis Lizardi y Ren\u00e9 S\u00e1nchez quienes ya han tenido una destacada partici\u00f3n en la serie que es organizada por el Club Dominicano de Corredores de Drift CDCD.<\/p>\n<p>Por su lado los centroamericanos Michael Sojo y Andr\u00e9 Solano regresar\u00e1n a territorio caribe\u00f1o con la firme convicci\u00f3n de llevarse lo m\u00e1s alto de podium ante sus rivales, junto a ellos tambi\u00e9n de Costa Rica estar\u00e1 presente Juan Jos\u00e9 Fallas quien estar\u00e1 buscando aprender de la serie nuestra.<\/p>\n<p>En el plano local, los anfitriones estar\u00e1n representados al m\u00e1s alto nivel, encabezados por Rafael Adames -Cangrena Drift- quien est\u00e1 liderando el campeonato con 219 puntos, delante del campe\u00f3n 2018 Yessi L\u00f3pez quien se ubica Segundo con 205 unidades. El representante de PR Ren\u00e9 S\u00e1nchez est\u00e1 tercero con 205.<\/p>\n<p>El internacional Piloto de F\u00f3rmula D, Jhonnattan Castro, que viene de ganar el round anterior, se mantiene a todo vapor para repetir el resultado confiado en su potente m\u00e1quina GT86 que ha cautivado a toda la fanaticada que se ha dado cita a casa llena en las justas anteriores.<br \/>\nPor su Lado, V\u00edctor Madera del Madera Drift, estar\u00e1 estrenando un potente auto de m\u00e1s de 600HP en busca de retomar su hegemon\u00eda y repetir la haza\u00f1a del 2017 cuando se coron\u00f3 campe\u00f3n en territorio de Guerreros.<\/p>\n<p>Justo mencionar a Omar Castellanos -Omaca Racing- Juan Almonte -Juanchi Drift-, Manuel Curreya -XtremeDrift-, Doctor Martinez-Clavo Drift- Nathael Jimenez -Frodo Garage- Franklin Castro, Frank Tiburcio -Frank Trueno-, Emmanuel Brazoban-Palito Drift \u2013 Juan Rodriguez-Balita Drift-, Osiris Polanco -Team Abuelo- Abraham Beltre- Fiebre Drift-, Ricardo Hurtado, Emmanuel Mu\u00f1oz -Bombo Drift- entre otros pilotos que estar\u00e1n presente en el tercer encuentro del descontrol controlado en el parque de velocidad m\u00e1s internacional del caribe.<\/p>\n<p>Las puertas estar\u00e1n abiertas desde las 12 del medio d\u00eda en las dos \u00e1reas destinadas para que la experiencia del fan\u00e1tico del Drift sea mejor en cada jornada, Gradas RD$400 y VIP RD$1,000 con bebidas y parqueos estrat\u00e9gicos incluidos. Ni\u00f1os menores de 10 a\u00f1os entrar\u00e1n gratis y los m\u00e1s peque\u00f1os podr\u00e1n disfrutar de un \u00e1rea de juegos inflables que convierten el Drift en un evento para toda la familia.<\/p>\n","protected":false},"excerpt":{"rendered":"<p>El boricua Alexis Correa regresa al pa\u00eds y por primera vez correr\u00e1 en la categor\u00eda PRO de Drift local, se unir\u00e1 a los veteranos puertorrique\u00f1os Luis Lizardi y Ren\u00e9 S\u00e1nchez quienes ya han tenido una destacada partici\u00f3n en la serie que es organizada por el Club Dominicano de Corredores de Drift CDCD.<\/p>\n","protected":false},"author":19,"featured_media":61322,"comment_status":"closed","ping_status":"closed","sticky":false,"template":"","format":"standard","meta":[],"categories":[2,60],"tags":[],"acf":[],"_links":{"self":[{"href":"https:\/\/colimdo.org\/wp-api\/wp\/v2\/posts\/61321"}],"collection":[{"href":"https:\/\/colimdo.org\/wp-api\/wp\/v2\/posts"}],"about":[{"href":"https:\/\/colimdo.org\/wp-api\/wp\/v2\/types\/post"}],"author":[{"embeddable":true,"href":"https:\/\/colimdo.org\/wp-api\/wp\/v2\/users\/19"}],"replies":[{"embeddable":true,"href":"https:\/\/colimdo.org\/wp-api\/wp\/v2\/comments?post=61321"}],"version-history":[{"count":1,"href":"https:\/\/colimdo.org\/wp-api\/wp\/v2\/posts\/61321\/revisions"}],"predecessor-version":[{"id":61323,"href":"https:\/\/colimdo.org\/wp-api\/wp\/v2\/posts\/61321\/revisions\/61323"}],"wp:featuredmedia":[{"embeddable":true,"href":"https:\/\/colimdo.org\/wp-api\/wp\/v2\/media\/61322"}],"wp:attachment":[{"href":"https:\/\/colimdo.org\/wp-api\/wp\/v2\/media?parent=61321"}],"wp:term":[{"taxonomy":"category","embeddable":true,"href":"https:\/\/colimdo.org\/wp-api\/wp\/v2\/categories?post=61321"},{"taxonomy":"post_tag","embeddable":true,"href":"https:\/\/colimdo.org\/wp-api\/wp\/v2\/tags?post=61321"}],"curies":[{"name":"wp","href":"https:\/\/api.w.org\/{rel}","templated":true}]}}