{"id":61362,"date":"2019-09-26T17:45:32","date_gmt":"2019-09-26T17:45:32","guid":{"rendered":"https:\/\/colimdo.org\/?p=61362"},"modified":"2019-09-26T17:45:32","modified_gmt":"2019-09-26T17:45:32","slug":"presentan-equipos-asistiran-mundiales-3x3-femenino","status":"publish","type":"post","link":"https:\/\/colimdo.org\/noticias\/presentan-equipos-asistiran-mundiales-3x3-femenino\/","title":{"rendered":"Presentan  equipos asistir\u00e1n a Mundiales 3&#215;3 femenino"},"content":{"rendered":"<div>\n<p class=\"x_m_8570112272006604992ydpbde32fc5MsoNormal\"><span lang=\"ES-TRAD\"><strong>SANTO DOMINGO.-<\/strong> La Federaci\u00f3n Dominicana de Baloncesto (Fedombal) present\u00f3 este jueves las selecciones que asistir\u00e1n a los Campeonatos Mundiales Sub-23 de la especialidad 3&#215;3 de sala y playa que ser\u00e1n celebrados indistintamente en China y Qatar.<\/span><\/p>\n<p class=\"x_m_8570112272006604992ydpbde32fc5MsoNormal\"><span lang=\"ES-TRAD\">Es la primera vez en la historia del baloncesto femenino que un equipo dominicano asiste a un evento de esta envergadura.<\/span><\/p>\n<p class=\"x_m_8570112272006604992ydpbde32fc5MsoNormal\"><span lang=\"ES-TRAD\">La presentaci\u00f3n fue hecha por el ingeniero Rafael Uribe, presidente de la Fedombal, en un acto realizado en el sal\u00f3n James Rodr\u00edguez del Ministerio de Deportes.<\/span><\/p>\n<p class=\"x_m_8570112272006604992ydpbde32fc5MsoNormal\"><span lang=\"ES-TRAD\">El mundial Sub-23 de sala ser\u00e1 celebrado del dos al seis de octubre pr\u00f3ximo en la ciudad de Lanhzou, China.<\/span><\/p>\n<p class=\"x_m_8570112272006604992ydpbde32fc5MsoNormal\"><span lang=\"ES-TRAD\">En ese evento el pa\u00eds estar\u00e1 representado por las jugadoras Nelsy Sentil Almonte, Flor Jones, Yessica Castillo y Cynthia N\u00fa\u00f1ez. Sentil Almonte viene de ganar medalla de bronce en los pasados Juegos Panamericanos de Lima. Tambi\u00e9n obtuvo presea de bronce en los Juegos Centroamericanos y del Caribe de Barranquilla, Colombia e 2018. <\/span><\/p>\n<p class=\"x_m_8570112272006604992ydpbde32fc5MsoNormal\"><span lang=\"ES-TRAD\">Uribe destac\u00f3 que Rep\u00fablica Dominicano es el \u00fanico pa\u00eds del continente americano que est\u00e1 clasificado a la Copa del Mundo Sub-23 de Baloncesto Femenino 3&#215;3.<\/span><\/p>\n<p class=\"x_m_8570112272006604992ydpbde32fc5MsoNormal\"><span lang=\"ES-TRAD\">Mientras que el equipo que asistir\u00e1 al de baloncesto femenino 3&#215;3 de playa en Qatar estar\u00e1 integrado por Nelsy Sentil Almonte, Flor Jones, Ileana del Rosario y Nayeli Morillo Feliz. Como delegados asistir\u00e1n Elka Jim\u00e9nez y Elieser Luv\u00edn.<\/span><\/p>\n<p class=\"x_m_8570112272006604992ydpbde32fc5MsoNormal\"><span lang=\"ES-TRAD\">Ese evento ser\u00e1 celebrado del 13 al 16 de octubre pr\u00f3ximo en Qatar.<\/span><\/p>\n<p class=\"x_m_8570112272006604992ydpbde32fc5MsoNormal\"><span lang=\"ES-TRAD\">Uribe destac\u00f3 que ambos equipos asisten a los dos eventos en la categor\u00eda Sub 23 y que para el pa\u00eds y el baloncesto dominicano es una gran satisfacci\u00f3n tener la categor\u00eda femenina en un evento de esta envergadura. \u201cPienso que debemos seguir trabajando y fomentando esta categor\u00eda\u201d, a\u00f1adi\u00f3.<\/span><\/p>\n<p class=\"x_m_8570112272006604992ydpbde32fc5MsoNormal\"><span lang=\"ES-TRAD\">En la actividad tambi\u00e9n estuvo Elka Jim\u00e9nez, directora de la Comisi\u00f3n de Baloncesto 3&#215;3 de la Fedombal, quien se\u00f1al\u00f3 su satisfacci\u00f3n por el reconocimiento que hizo la FIBA cuando notific\u00f3 al pa\u00eds de que el equipo dominicano estaba entre las primeras 20 posiciones del mundo y por ende entraba dentro los equipos clasificados. <u><\/u><\/span><\/p>\n<\/div>\n","protected":false},"excerpt":{"rendered":"<p>Es la primera vez en la historia del baloncesto femenino que un equipo dominicano asiste a un evento de esta envergadura.<\/p>\n","protected":false},"author":19,"featured_media":61363,"comment_status":"closed","ping_status":"closed","sticky":false,"template":"","format":"standard","meta":[],"categories":[2,60],"tags":[],"acf":[],"_links":{"self":[{"href":"https:\/\/colimdo.org\/wp-api\/wp\/v2\/posts\/61362"}],"collection":[{"href":"https:\/\/colimdo.org\/wp-api\/wp\/v2\/posts"}],"about":[{"href":"https:\/\/colimdo.org\/wp-api\/wp\/v2\/types\/post"}],"author":[{"embeddable":true,"href":"https:\/\/colimdo.org\/wp-api\/wp\/v2\/users\/19"}],"replies":[{"embeddable":true,"href":"https:\/\/colimdo.org\/wp-api\/wp\/v2\/comments?post=61362"}],"version-history":[{"count":1,"href":"https:\/\/colimdo.org\/wp-api\/wp\/v2\/posts\/61362\/revisions"}],"predecessor-version":[{"id":61364,"href":"https:\/\/colimdo.org\/wp-api\/wp\/v2\/posts\/61362\/revisions\/61364"}],"wp:featuredmedia":[{"embeddable":true,"href":"https:\/\/colimdo.org\/wp-api\/wp\/v2\/media\/61363"}],"wp:attachment":[{"href":"https:\/\/colimdo.org\/wp-api\/wp\/v2\/media?parent=61362"}],"wp:term":[{"taxonomy":"category","embeddable":true,"href":"https:\/\/colimdo.org\/wp-api\/wp\/v2\/categories?post=61362"},{"taxonomy":"post_tag","embeddable":true,"href":"https:\/\/colimdo.org\/wp-api\/wp\/v2\/tags?post=61362"}],"curies":[{"name":"wp","href":"https:\/\/api.w.org\/{rel}","templated":true}]}}