{"id":61365,"date":"2019-09-26T17:40:46","date_gmt":"2019-09-26T17:40:46","guid":{"rendered":"https:\/\/colimdo.org\/?p=61365"},"modified":"2019-09-26T18:08:37","modified_gmt":"2019-09-26T18:08:37","slug":"chicho-sibilio-sera-homenajeado-primer-partido-la-liga-endesa","status":"publish","type":"post","link":"https:\/\/colimdo.org\/noticias\/chicho-sibilio-sera-homenajeado-primer-partido-la-liga-endesa\/","title":{"rendered":"Chicho Sibilio ser\u00e1 homenajeado en el primer partido de la Liga Endesa"},"content":{"rendered":"<p>EL NUEVO DIARIO, Vitoria (Espa\u00f1a).- El jugador dominicano Chicho Sibilio, fallecido este verano, ser\u00e1 homenajeado en el encuentro que disputar\u00e1n este viernes el Kirolbet Baskonia y el Estudiantes en la primera jornada de la Liga Endesa, m\u00e1xima categor\u00eda del baloncesto espa\u00f1ol.<\/p>\n<p><span id=\"ctl14_lblMostra\"><br \/>\nEl pabell\u00f3n azulgrana guardar\u00e1 un minuto de silencio antes del inicio de la competici\u00f3n oficial en recuerdo al jugador que visti\u00f3 la camiseta del Baskonia entre los a\u00f1os 1989 y 1993.<\/span><\/p>\n<p>Antes del comienzo del primer partido de la temporada en el Buesa Arena, se proyectar\u00e1 un v\u00eddeo en recuerdo del jugador baskonista y acto seguido se guardar\u00e1 un minuto de silencio en su memoria.<\/p>\n<p>Chicho Sibilio termin\u00f3 en Vitoria su carrera profesional y logr\u00f3 el hito de convertirse en el primer jugador en alcanzar la cifra de 650 triples en la Liga espa\u00f1ola y anotar 6.000 puntos.<\/p>\n<p>Sibilio se form\u00f3 en la cantera del Barcelona y debut\u00f3 con el primer equipo en la temporada 1976-77.<\/p>\n<p>Con la camiseta del club barcelon\u00e9s, el alero dominicano gan\u00f3 cinco ligas, ocho Copas del Rey, dos Recopas de Europa, una Copa Korac, una Copa Mundial de Clubes y una Copa Pr\u00edncipe de Asturias.<\/p>\n<p>Tras nacionalizarse espa\u00f1ol, tambi\u00e9n jug\u00f3 con la selecci\u00f3n espa\u00f1ola, con la que debut\u00f3 en 1980 y se retir\u00f3 en 1987.<\/p>\n","protected":false},"excerpt":{"rendered":"<p>El pabell\u00f3n azulgrana guardar\u00e1 un minuto de silencio antes del inicio de la competici\u00f3n oficial en recuerdo al jugador que visti\u00f3 la camiseta del Baskonia entre los a\u00f1os 1989 y 1993.<\/p>\n","protected":false},"author":19,"featured_media":61366,"comment_status":"closed","ping_status":"closed","sticky":false,"template":"","format":"standard","meta":[],"categories":[2,60],"tags":[],"acf":[],"_links":{"self":[{"href":"https:\/\/colimdo.org\/wp-api\/wp\/v2\/posts\/61365"}],"collection":[{"href":"https:\/\/colimdo.org\/wp-api\/wp\/v2\/posts"}],"about":[{"href":"https:\/\/colimdo.org\/wp-api\/wp\/v2\/types\/post"}],"author":[{"embeddable":true,"href":"https:\/\/colimdo.org\/wp-api\/wp\/v2\/users\/19"}],"replies":[{"embeddable":true,"href":"https:\/\/colimdo.org\/wp-api\/wp\/v2\/comments?post=61365"}],"version-history":[{"count":1,"href":"https:\/\/colimdo.org\/wp-api\/wp\/v2\/posts\/61365\/revisions"}],"predecessor-version":[{"id":61367,"href":"https:\/\/colimdo.org\/wp-api\/wp\/v2\/posts\/61365\/revisions\/61367"}],"wp:featuredmedia":[{"embeddable":true,"href":"https:\/\/colimdo.org\/wp-api\/wp\/v2\/media\/61366"}],"wp:attachment":[{"href":"https:\/\/colimdo.org\/wp-api\/wp\/v2\/media?parent=61365"}],"wp:term":[{"taxonomy":"category","embeddable":true,"href":"https:\/\/colimdo.org\/wp-api\/wp\/v2\/categories?post=61365"},{"taxonomy":"post_tag","embeddable":true,"href":"https:\/\/colimdo.org\/wp-api\/wp\/v2\/tags?post=61365"}],"curies":[{"name":"wp","href":"https:\/\/api.w.org\/{rel}","templated":true}]}}