{"id":61371,"date":"2019-09-26T18:55:55","date_gmt":"2019-09-26T18:55:55","guid":{"rendered":"https:\/\/colimdo.org\/?p=61371"},"modified":"2019-09-26T18:55:55","modified_gmt":"2019-09-26T18:55:55","slug":"mlb-extiende-ausencia-german-octubre","status":"publish","type":"post","link":"https:\/\/colimdo.org\/noticias\/mlb-extiende-ausencia-german-octubre\/","title":{"rendered":"MLB extiende ausencia de Germ\u00e1n por todo octubre"},"content":{"rendered":"<p>Lasmayores.- Major League Baseball y la Asociaci\u00f3n de Jugadores de MLB extendieron la ausencia administrativa del derecho dominicano de los Yankees, Domingo Germ\u00e1n, hasta la conclusi\u00f3n de la Serie Mundial, anunci\u00f3 MLB el mi\u00e9rcoles a trav\u00e9s de la cuenta de Twitter de su departamento de relaciones p\u00fablicas.<\/p>\n<p>Germ\u00e1n hab\u00eda sido puesto en licencia administrativa el 19 de septiembre bajo la pol\u00edtica de violencia domestica de MLB. Como consecuencia, Germ\u00e1n tambi\u00e9n fue colocado en la Lista Restringida de los Yankees.<\/p>\n<p>As\u00ed se pronunci\u00f3 la Oficina del Comisionado de MLB en su momento:<\/p>\n<p>\u201cLa Oficina del Comisionado de Grandes Ligas anunci\u00f3 el jueves que el lanzador de los Yankees, Domingo Germ\u00e1n, fue puesto en licencia administrativa bajo la Pol\u00edtica de Violencia Dom\u00e9stica de MLB y la Asociaci\u00f3n de Jugadores de MLB. Seg\u00fan el convenio, la licencia administrativa puede durar hasta siete d\u00edas, si es que no se implementa una extensi\u00f3n de la misma.<\/p>\n<p>\u201cEl Departamento de Investigaciones de Major League Baseball ha iniciado el proceso para llegar al fondo de lo que result\u00f3 en la licencia administrativa de Germ\u00e1n. MLB no formular\u00e1 m\u00e1s comentarios hasta que se complete la investigaci\u00f3n\u201d.<\/p>\n<p>De su parte, los Yankees tambi\u00e9n emitieron un comunicado al respecto:<\/p>\n<p>\u201cApoyamos completamente todas las medidas que implementa la Oficina del Comisionado en torno a su Pol\u00edtica de Violencia Dom\u00e9stica. Apoyamos esta pol\u00edtica que reitera la idea de que la violencia dom\u00e9stica no tiene lugar en nuestra sociedad y no puede tolerarse.<\/p>\n<p>\u201cHemos procedido en concordancia con lo hecho por Major League Baseball y continuaremos aportando nuestra total cooperaci\u00f3n durante el proceso investigativo. No ofreceremos m\u00e1s comentarios hasta que la investigaci\u00f3n llegue a su conclusi\u00f3n. Todas las preguntas pertenecientes a este tema deben ser dirigidas a la Oficina del Comisionado\u201d.<\/p>\n","protected":false},"excerpt":{"rendered":"<p>Germ\u00e1n hab\u00eda sido puesto en licencia administrativa el 19 de septiembre bajo la pol\u00edtica de violencia domestica de MLB. Como consecuencia, Germ\u00e1n tambi\u00e9n fue colocado en la Lista Restringida de los Yankees.<\/p>\n","protected":false},"author":19,"featured_media":61372,"comment_status":"closed","ping_status":"closed","sticky":false,"template":"","format":"standard","meta":[],"categories":[2,60],"tags":[],"acf":[],"_links":{"self":[{"href":"https:\/\/colimdo.org\/wp-api\/wp\/v2\/posts\/61371"}],"collection":[{"href":"https:\/\/colimdo.org\/wp-api\/wp\/v2\/posts"}],"about":[{"href":"https:\/\/colimdo.org\/wp-api\/wp\/v2\/types\/post"}],"author":[{"embeddable":true,"href":"https:\/\/colimdo.org\/wp-api\/wp\/v2\/users\/19"}],"replies":[{"embeddable":true,"href":"https:\/\/colimdo.org\/wp-api\/wp\/v2\/comments?post=61371"}],"version-history":[{"count":1,"href":"https:\/\/colimdo.org\/wp-api\/wp\/v2\/posts\/61371\/revisions"}],"predecessor-version":[{"id":61373,"href":"https:\/\/colimdo.org\/wp-api\/wp\/v2\/posts\/61371\/revisions\/61373"}],"wp:featuredmedia":[{"embeddable":true,"href":"https:\/\/colimdo.org\/wp-api\/wp\/v2\/media\/61372"}],"wp:attachment":[{"href":"https:\/\/colimdo.org\/wp-api\/wp\/v2\/media?parent=61371"}],"wp:term":[{"taxonomy":"category","embeddable":true,"href":"https:\/\/colimdo.org\/wp-api\/wp\/v2\/categories?post=61371"},{"taxonomy":"post_tag","embeddable":true,"href":"https:\/\/colimdo.org\/wp-api\/wp\/v2\/tags?post=61371"}],"curies":[{"name":"wp","href":"https:\/\/api.w.org\/{rel}","templated":true}]}}