{"id":61378,"date":"2019-09-26T21:58:16","date_gmt":"2019-09-26T21:58:16","guid":{"rendered":"https:\/\/colimdo.org\/?p=61378"},"modified":"2019-09-26T21:58:46","modified_gmt":"2019-09-26T21:58:46","slug":"nigel-benn-ex-campeon-mundial-regresa-al-ring-los-55-anos","status":"publish","type":"post","link":"https:\/\/colimdo.org\/noticias\/nigel-benn-ex-campeon-mundial-regresa-al-ring-los-55-anos\/","title":{"rendered":"Nigel Benn, ex campe\u00f3n mundial, regresa al ring a los 55 a\u00f1os"},"content":{"rendered":"<p><strong>LONDRES. AP<\/strong>. El ex campe\u00f3n de boxeo de peso mediano, Nigel Benn, est\u00e1 \u00a0de regreso al ring a la edad de 55 a\u00f1os para una pelea \u00fanica, diciendo que quiere &#8220;cerrar&#8221; una carrera arruinada por el abuso de drogas, la depresi\u00f3n y la muerte de su hermano.<\/p>\n<p>Benn, quien no ha peleado profesionalmente desde 1996, se enfrentar\u00e1 a Sakio Bika, de 40 a\u00f1os, en Birmingham el 23 de noviembre.<\/p>\n<p>&#8220;Ha tardado mucho en llegar&#8221;, dijo Benn, cuyo apodo de boxeo era &#8220;Dark Destroyer&#8221;.<\/p>\n<p>&#8220;Esta pelea se trata de m\u00ed&#8221;, dijo. &#8220;No fue algo financiero. Siempre se trat\u00f3 del cierre que quer\u00eda y que nunca tuve&#8221;.<\/p>\n<p>Hablando en una conferencia de prensa en su ciudad natal de Londres, Benn dijo que se encuentra en la mejor condici\u00f3n f\u00edsica de su vida y se compar\u00f3 con Benjamin Button, el personaje creado por F. Scott Fitzgerald que envejece en reversa.<\/p>\n<p>&#8220;Siento que ahora es el momento. La gente puede decir, &#8216;tienes 55 a\u00f1os&#8217;. No tiene nada que ver con la edad&#8221;, indic\u00f3 Benn. &#8220;Ahora estoy m\u00e1s en forma que cuando era campe\u00f3n mundial. No es el &#8216;Dark Destroyer&#8217; porque todo lo que es sin\u00f3nimo de ese nombre no es qui\u00e9n soy. Ahora es Nigel &#8216;Benjamin Button&#8217; Benn: cuanto m\u00e1s viejo me hago, m\u00e1s en forma estoy, y lo digo al 100%. Estoy muy en forma&#8221;.<\/p>\n<p>La pelea con Bika, un ex campe\u00f3n s\u00faper mediano del CMB, tendr\u00e1 licencia de la Autoridad de Boxeo Brit\u00e1nica e Irlandesa (BIBA), en lugar de la Junta de Control del Boxeo Brit\u00e1nico.<\/p>\n<p>El director m\u00e9dico de BIBA dijo que Benn est\u00e1 lo suficientemente en forma como para regresar al ring.<\/p>\n<p>&#8220;Las pruebas que hemos realizado hasta la fecha en Nigel Benn indican que su edad fisiol\u00f3gica es al menos 15 a\u00f1os menor que su edad cronol\u00f3gica&#8221;, dijo el profesor Michael Graham. &#8220;Eso es an\u00e1lisis de sangre cient\u00edficos, resonancias magn\u00e9ticas, funci\u00f3n cognitiva, grasa corporal, etc.<\/p>\n<p>&#8220;Si nos fijamos en algunos de los otros boxeadores que han sido sancionados por otras juntas sancionadoras y han otorgado licencias, Nigel es ciertamente m\u00e1s apto, si no m\u00e1s apto, que la mayor\u00eda de ellos. Sin duda, el boxeador de 55 a\u00f1os m\u00e1s apto del planeta&#8221;.<\/p>\n<p>Benn dijo que carg\u00f3 la muerte de su hermano a trav\u00e9s de su vida adulta, lo que lo llev\u00f3 a la drogadicci\u00f3n y la depresi\u00f3n. Dijo que tuvo pensamientos suicidas despu\u00e9s de su \u00faltima pelea, una derrota ante el irland\u00e9s Steve Collins en una pelea por el t\u00edtulo s\u00faper mediano de la OMB.<\/p>\n<p>Benn reclam\u00f3 el t\u00edtulo de peso medio de la OMB en 1990 y ostent\u00f3 el t\u00edtulo de peso s\u00faper mediano del CMB de 1992-96.<\/p>\n","protected":false},"excerpt":{"rendered":"<p>El ex campe\u00f3n de peso mediano, que no ha peleado desde 1996, har\u00e1 una pelea \u00fanica, enfrentar\u00e1 a Sakio Bika, de 40 a\u00f1os, en Birmingham el 23 de noviembre.<\/p>\n","protected":false},"author":13,"featured_media":61379,"comment_status":"closed","ping_status":"closed","sticky":false,"template":"","format":"standard","meta":[],"categories":[2,60],"tags":[],"acf":[],"_links":{"self":[{"href":"https:\/\/colimdo.org\/wp-api\/wp\/v2\/posts\/61378"}],"collection":[{"href":"https:\/\/colimdo.org\/wp-api\/wp\/v2\/posts"}],"about":[{"href":"https:\/\/colimdo.org\/wp-api\/wp\/v2\/types\/post"}],"author":[{"embeddable":true,"href":"https:\/\/colimdo.org\/wp-api\/wp\/v2\/users\/13"}],"replies":[{"embeddable":true,"href":"https:\/\/colimdo.org\/wp-api\/wp\/v2\/comments?post=61378"}],"version-history":[{"count":1,"href":"https:\/\/colimdo.org\/wp-api\/wp\/v2\/posts\/61378\/revisions"}],"predecessor-version":[{"id":61380,"href":"https:\/\/colimdo.org\/wp-api\/wp\/v2\/posts\/61378\/revisions\/61380"}],"wp:featuredmedia":[{"embeddable":true,"href":"https:\/\/colimdo.org\/wp-api\/wp\/v2\/media\/61379"}],"wp:attachment":[{"href":"https:\/\/colimdo.org\/wp-api\/wp\/v2\/media?parent=61378"}],"wp:term":[{"taxonomy":"category","embeddable":true,"href":"https:\/\/colimdo.org\/wp-api\/wp\/v2\/categories?post=61378"},{"taxonomy":"post_tag","embeddable":true,"href":"https:\/\/colimdo.org\/wp-api\/wp\/v2\/tags?post=61378"}],"curies":[{"name":"wp","href":"https:\/\/api.w.org\/{rel}","templated":true}]}}