{"id":61393,"date":"2019-09-27T00:52:41","date_gmt":"2019-09-27T00:52:41","guid":{"rendered":"https:\/\/colimdo.org\/?p=61393"},"modified":"2019-09-27T00:52:48","modified_gmt":"2019-09-27T00:52:48","slug":"invi-entregara-apartamentos-medallistas-panam-del-orbe-rosa","status":"publish","type":"post","link":"https:\/\/colimdo.org\/noticias\/invi-entregara-apartamentos-medallistas-panam-del-orbe-rosa\/","title":{"rendered":"INVI entregar\u00e1 apartamentos medallistas Panam Del Orbe y Rosa"},"content":{"rendered":"<p><strong>SANTO DOMINGO<\/strong>. El Instituto Nacional de la Vivienda entregar\u00e1 los apartamentos a los dos medallistas Francomacorisanos que lograron medallas en los pasados juegos\u00a0\u00a0 Panamericanos de Lima Per\u00fa.<\/p>\n<p>La importante noticia la ofreci\u00f3 en la apertura de los juegos San\u00a0Vicente el director del INVI ingeniero Mayobanex Escoto quien luego<br \/>\ndel anuncio fue aplaudido delirantemente\u00a0 por los cientos de atletas y\u00a0fan\u00e1ticos que abarrotaron la cancha Pedro Emilio Reyes del sector de<br \/>\nPueblo Nuevo.<\/p>\n<p>Escoto destac\u00f3 que por instrucciones del presidente de la rep\u00fablica\u00a0Licenciado Danilo Medina ambos medallistas ser\u00e1n beneficiados con la<br \/>\ndonaci\u00f3n de sus apartamentos.<\/p>\n<p>\u201cEn la actualidad el INVI construye el proyecto habitacional del\u00a0distrito municipal Don Antonio Guzm\u00e1n Fern\u00e1ndez est\u00e1 en su etapa de<br \/>\nculminaci\u00f3n inmediatamente est\u00e9n listo se proceder\u00e1 a entregarse\u201d, afirmo Escoto.<\/p>\n<p>Agreg\u00f3 que el INVI ha estado cumpliendo con cada una de los atletas de alto rendimiento que lograron medallas tanto en los juegos<br \/>\nCentroamericanos de Medell\u00edn Colombia y los Panamericanos de Lima\u00a0Per\u00fa.<\/p>\n<p>\u201cEn los pr\u00f3ximos meses\u00a0 se estar\u00e1 entregando ambos apartamentos,\u00a0 el presidente Medina y mi persona tiene un gran compromiso con estos<br \/>\nj\u00f3venes que han puesto en alto el deporte en playas extranjeras y se\u00a0han ganado su techo\u00a0 por su esfuerzo y dedicaci\u00f3n en favor del<br \/>\ndeporte nacional\u201d signific\u00f3.<\/p>\n<p>De su lado\u00a0 el presidente de la Asociaci\u00f3n de Judo de la provincia\u00a0 Duarte, ingeniero Carlos Celestino, mostr\u00f3 su felicidad con el<br \/>\nimportante anuncio del director del INVI.<\/p>\n<p>\u201cTanto Medikson del Orbe como Ana Smelyn Rosa son dos atletas de alto rendimiento muy humilde\u00a0 que necesitan estos apartamentos y con esto se premia la gran labor que vienen realizando en eventos deportivos internacionales\u201d asever\u00f3 Celestino.<\/p>\n","protected":false},"excerpt":{"rendered":"<p>El director del INVI ingeniero Mayobanex Escoto, director del INVI, hizo el anuncio en la apertura de los Juegos San Vicente en San Francisco de Macor\u00eds.<\/p>\n","protected":false},"author":13,"featured_media":61394,"comment_status":"closed","ping_status":"closed","sticky":false,"template":"","format":"standard","meta":[],"categories":[2,60],"tags":[],"acf":[],"_links":{"self":[{"href":"https:\/\/colimdo.org\/wp-api\/wp\/v2\/posts\/61393"}],"collection":[{"href":"https:\/\/colimdo.org\/wp-api\/wp\/v2\/posts"}],"about":[{"href":"https:\/\/colimdo.org\/wp-api\/wp\/v2\/types\/post"}],"author":[{"embeddable":true,"href":"https:\/\/colimdo.org\/wp-api\/wp\/v2\/users\/13"}],"replies":[{"embeddable":true,"href":"https:\/\/colimdo.org\/wp-api\/wp\/v2\/comments?post=61393"}],"version-history":[{"count":1,"href":"https:\/\/colimdo.org\/wp-api\/wp\/v2\/posts\/61393\/revisions"}],"predecessor-version":[{"id":61395,"href":"https:\/\/colimdo.org\/wp-api\/wp\/v2\/posts\/61393\/revisions\/61395"}],"wp:featuredmedia":[{"embeddable":true,"href":"https:\/\/colimdo.org\/wp-api\/wp\/v2\/media\/61394"}],"wp:attachment":[{"href":"https:\/\/colimdo.org\/wp-api\/wp\/v2\/media?parent=61393"}],"wp:term":[{"taxonomy":"category","embeddable":true,"href":"https:\/\/colimdo.org\/wp-api\/wp\/v2\/categories?post=61393"},{"taxonomy":"post_tag","embeddable":true,"href":"https:\/\/colimdo.org\/wp-api\/wp\/v2\/tags?post=61393"}],"curies":[{"name":"wp","href":"https:\/\/api.w.org\/{rel}","templated":true}]}}