{"id":61404,"date":"2019-09-27T15:47:54","date_gmt":"2019-09-27T15:47:54","guid":{"rendered":"https:\/\/colimdo.org\/?p=61404"},"modified":"2019-09-27T15:47:54","modified_gmt":"2019-09-27T15:47:54","slug":"lidom-oficializa-torneo-dedicado-la-memoria-carlos-morales-troncoso","status":"publish","type":"post","link":"https:\/\/colimdo.org\/noticias\/lidom-oficializa-torneo-dedicado-la-memoria-carlos-morales-troncoso\/","title":{"rendered":"Lidom oficializa torneo dedicado a la memoria de Carlos Morales Troncoso"},"content":{"rendered":"<p>EL NUEVO DIARIO, SANTO DOMINGO.- La Liga de B\u00e9isbol Profesional de Rep\u00fablica Dominicana (Lidom) oficializ\u00f3 la dedicatoria de su pr\u00f3ximo torneo a la memoria de don Carlos Morales Troncoso, con un c\u00f3ctel celebrado este jueves en un restaurante de la capital.<\/p>\n<p>Se trat\u00f3 de un emotivo acto al que asisti\u00f3 la familia Morales Troncoso, un hombre que estuvo ligado a la fundaci\u00f3n de los Azucareros del Este, hoy Toros del Este, y que adem\u00e1s fue un promotor del deporte en sentido general.<\/p>\n<p>El c\u00f3ctel fue encabezado por el presidente de Lidom, Vitelio Mej\u00eda Ortiz, los principales ejecutivos de las seis franquicias que conforman el circuito invernal, el miembro de Sal\u00f3n de la Fama de Cooperstown, Vladimir Guerrero, y otras autoridades del deporte.<\/p>\n<p>\u201cLos m\u00e9ritos de Don Carlos son alto conocidos y han sido resumidos en este acto en ese corto video que acabamos de ver que deja en evidencia, sin lugar a dudas, sus merecimientos en el \u00e1mbito deportivo, independientemente de sus indiscutibles aportes a la naci\u00f3n en sus roles de empresario y pol\u00edtico\u201d, expres\u00f3 Mej\u00eda Ortiz durante su discurso.<\/p>\n<p>Antes de esas palabras del presidente de Lidom, Jorge Besosa, vicepresidente de banca empresa del Banco BHD Le\u00f3n, habl\u00f3 por la entidad financiera en cuyo nombre se disputa la copa del torneo que arranca este s\u00e1bado 12 de octubre.<\/p>\n<p>\u201cLa Copa BHD Le\u00f2n no es solo un trofeo, es un s\u00edmbolo de valores positivos\u201d, dijo Bebosa. \u201cTenemos seguridad de que esta temporada 2019-20 ser\u00e1 especial porque los equipos se han preparado bien y vienen blindados\u201d.<\/p>\n<p>Tras la participaci\u00f3n de Besosa, se proyect\u00f3 un audiovisual sobre la vida de Morales Troncoso con testimonios de su hija Nicole Morales y de su amigo Arturo Morales.<\/p>\n","protected":false},"excerpt":{"rendered":"<p>Se trat\u00f3 de un emotivo acto al que asisti\u00f3 la familia Morales Troncoso, un hombre que estuvo ligado a la fundaci\u00f3n de los Azucareros del Este, hoy Toros del Este, y que adem\u00e1s fue un promotor del deporte en sentido general.<\/p>\n","protected":false},"author":19,"featured_media":61405,"comment_status":"closed","ping_status":"closed","sticky":false,"template":"","format":"standard","meta":[],"categories":[2,60],"tags":[],"acf":[],"_links":{"self":[{"href":"https:\/\/colimdo.org\/wp-api\/wp\/v2\/posts\/61404"}],"collection":[{"href":"https:\/\/colimdo.org\/wp-api\/wp\/v2\/posts"}],"about":[{"href":"https:\/\/colimdo.org\/wp-api\/wp\/v2\/types\/post"}],"author":[{"embeddable":true,"href":"https:\/\/colimdo.org\/wp-api\/wp\/v2\/users\/19"}],"replies":[{"embeddable":true,"href":"https:\/\/colimdo.org\/wp-api\/wp\/v2\/comments?post=61404"}],"version-history":[{"count":1,"href":"https:\/\/colimdo.org\/wp-api\/wp\/v2\/posts\/61404\/revisions"}],"predecessor-version":[{"id":61406,"href":"https:\/\/colimdo.org\/wp-api\/wp\/v2\/posts\/61404\/revisions\/61406"}],"wp:featuredmedia":[{"embeddable":true,"href":"https:\/\/colimdo.org\/wp-api\/wp\/v2\/media\/61405"}],"wp:attachment":[{"href":"https:\/\/colimdo.org\/wp-api\/wp\/v2\/media?parent=61404"}],"wp:term":[{"taxonomy":"category","embeddable":true,"href":"https:\/\/colimdo.org\/wp-api\/wp\/v2\/categories?post=61404"},{"taxonomy":"post_tag","embeddable":true,"href":"https:\/\/colimdo.org\/wp-api\/wp\/v2\/tags?post=61404"}],"curies":[{"name":"wp","href":"https:\/\/api.w.org\/{rel}","templated":true}]}}